{"id":1047,"date":"2022-04-15T11:36:42","date_gmt":"2022-04-15T09:36:42","guid":{"rendered":"https:\/\/www.padelreference.com\/blog\/?p=1047"},"modified":"2022-12-08T17:25:58","modified_gmt":"2022-12-08T15:25:58","slug":"premier-padel-major-a-roland-garros-2022","status":"publish","type":"post","link":"https:\/\/www.padelreference.com\/blog\/premier-padel-major-a-roland-garros-2022\/","title":{"rendered":"Premier Padel Major \u00e0 Roland Garros 2022"},"content":{"rendered":"<p><span style=\"font-weight: 400;\">La F\u00e9d\u00e9ration Fran\u00e7aise de Tennis et la F\u00e9d\u00e9ration Internationale de Padel ont annonc\u00e9 le 2 avril que le Padel Major allait faire partie de la saison 2022 \u00e0 Roland Garros. En effet, apr\u00e8s le Major \u00e0 Doha (Qatar), le circuit \u00ab\u00a0Premier Padel\u00a0\u00bb financ\u00e9 par Qatar Sports Investments (QSI) effectuera un de ses tournois \u00e0 Paris, plus pr\u00e9cis\u00e9ment du 11 au 17 juillet. Il se d\u00e9roulera au sein du court Philippe-Chatrier de la Porte d\u2019Auteuil. Le monde du Padel se r\u00e9jouit de cette annonce qui devrait d\u00e9velopper davantage la notori\u00e9t\u00e9 du Padel en France.<\/span><\/p>\n<p>&nbsp;<\/p>\n<p><span style=\"font-weight: 400;\">A partir de 2024, ce nouveau circuit sera compos\u00e9 de 25 tournois dans plusieurs cat\u00e9gories. En organisant ce tournoi \u00e0 Roland-Garros, le Major esp\u00e8re devenir un acteur incontournable du padel.<\/span><\/p>\n<p>&nbsp;<\/p>\n<p><span style=\"font-weight: 400;\">Gilles Morettons, pr\u00e9sident de la FFT est ravi de cette nouvelle, et l\u2019affirme lors d\u2019une interview\u00a0:\u00a0 <\/span><i><span style=\"font-weight: 400;\">\u00ab\u00a0C\u2019est un honneur d\u2019\u00eatre le premier pays europ\u00e9en \u00e0 proposer aux meilleurs joueurs de la plan\u00e8te une comp\u00e9tition de padel \u00ab Major \u00bb. La FFT est fi\u00e8re d\u2019\u00e9crire l\u2019histoire du padel en s\u2019associant \u00e0 la FIP et \u00e0 Premier Padel pour organiser le Paris Premier Padel Major au Stade Roland-Garros. Cet \u00e9v\u00e9nement va donner au padel une nouvelle dimension et renforcer l\u2019engouement des Fran\u00e7ais pour cette discipline, que la FFT soutient au moyen d\u2019un plan de d\u00e9veloppement complet\u00a0\u00bb.<\/span><\/i><\/p>\n<p>&nbsp;<\/p>\n<p><i><span style=\"font-weight: 400;\">Quant \u00e0 lui Luigi Carraro, pr\u00e9sident de la F\u00e9d\u00e9ration Internationale de Padel, d\u00e9clare\u00a0: <\/span><\/i><i><span style=\"font-weight: 400;\">\u00ab\u00a0Nous sommes absolument ravis pour notre sport et pour les joueurs que le padel, sous la gouvernance de la F\u00e9d\u00e9ration Internationale de Padel, soit jou\u00e9 dans l&rsquo;un des sites les plus embl\u00e9matiques et les plus v\u00e9n\u00e9r\u00e9s au monde, le Stade Roland-Garros. Le padel se d\u00e9veloppe rapidement en France et nous sommes impatients de pr\u00e9senter notre sport sous son meilleur jour \u00e0 de nouveaux publics dans ce lieu spectaculaire mais aussi aux t\u00e9l\u00e9spectateurs du monde entier, dans le cadre de cet accord pluriannuel\u00a0\u00bb<\/span><\/i><\/p>\n<p>&nbsp;<\/p>\n<p><span style=\"font-weight: 400;\">L\u2019un des premiers objectifs en r\u00e9alisant le tournois \u00e0 Roland Garros est de d\u00e9velopper le padel en France. En effet, le nombre de pratiquants et de construction de pistes augmentent sans cesse. En organisant ce tournoi, le nombre de pratiquants (280 000 actuellement) pourrait peut-\u00eatre atteindre 500 000 d\u2019ici 2024. Et ainsi passer de 1 000 pistes \u00e0 2 000 pistes en 2 ans.<\/span><\/p>\n<p>&nbsp;<\/p>\n<p><span style=\"font-weight: 400;\">Le Paris Premier Padel Major sera diffus\u00e9 dans le monde entier par les plus grands groupes tels que\u00a0: ESPN, Sky, Viaplay, SuperSport et beIN SPORTS.<\/span><\/p>\n<p>&nbsp;<\/p>\n<p><span style=\"font-weight: 400;\">Nasser Al-Khela\u00effi, pr\u00e9sident de QSI a d\u00e9clar\u00e9\u00a0:<\/span> <i><span style=\"font-weight: 400;\">\u00ab Aujourd\u2019hui est un moment tr\u00e8s fort pour le padel, que ce soit en France, en Europe ou \u00e0 l\u2019\u00e9chelle mondiale. D\u00e8s le premier jour, nous avons affirm\u00e9 que le nouveau circuit officiel propulsera la discipline vers le sommet. L\u2019organisation d\u2019un Major au Stade Roland-Garros vient en t\u00e9moigner. Ce tournoi est vraiment sp\u00e9cial et sera l\u2019un des quatre \u00e9v\u00e9nements \u00ab Major \u00bb, et je tiens \u00e0 remercier la FFT pour sa passion et sa vision s\u2019agissant du d\u00e9veloppement du padel en France. \u00bb<\/span><\/i><\/p>\n<p>&nbsp;<\/p>\n<p><span style=\"font-weight: 400;\">Pour rappel, Paquito Navarro et Martin Di Nenno ont remport\u00e9 le 1<\/span><span style=\"font-weight: 400;\">Er<\/span><span style=\"font-weight: 400;\"> Major ainsi qu\u2019un ch\u00e8que de 85 068 dollars, alors qui seront les prochains\u00a0?<\/span><\/p>\n<p>&nbsp;<\/p>\n","protected":false},"excerpt":{"rendered":"<p>La F\u00e9d\u00e9ration Fran\u00e7aise de Tennis et la F\u00e9d\u00e9ration Internationale de Padel ont annonc\u00e9 le 2 avril que le Padel Major allait faire partie de la saison 2022 \u00e0 Roland Garros. En effet, apr\u00e8s le Major \u00e0 Doha (Qatar), le circuit \u00ab\u00a0Premier Padel\u00a0\u00bb financ\u00e9 par Qatar Sports Investments (QSI) effectuera un de ses tournois \u00e0 Paris, [&hellip;]<\/p>\n","protected":false},"author":2,"featured_media":1539,"comment_status":"open","ping_status":"open","sticky":false,"template":"","format":"standard","meta":{"footnotes":""},"categories":[56,18],"tags":[],"class_list":["post-1047","post","type-post","status-publish","format-standard","has-post-thumbnail","hentry","category-premier-padel","category-actualites"],"yoast_head":"<!-- This site is optimized with the Yoast SEO plugin v23.1 - https:\/\/yoast.com\/wordpress\/plugins\/seo\/ -->\n<title>Premier Padel Major \u00e0 Roland Garros - Padel Reference<\/title>\n<meta name=\"description\" content=\"La FFT et la FIP ont annonc\u00e9 le 2 avril que le Padel Major allait faire partie de la saison 2022 \u00e0 Roland Garros.\" \/>\n<meta name=\"robots\" content=\"index, follow, max-snippet:-1, max-image-preview:large, max-video-preview:-1\" \/>\n<link rel=\"canonical\" href=\"https:\/\/www.padelreference.com\/blog\/premier-padel-major-a-roland-garros-2022\/\" \/>\n<meta property=\"og:locale\" content=\"fr_FR\" \/>\n<meta property=\"og:type\" content=\"article\" \/>\n<meta property=\"og:title\" content=\"Premier Padel Major \u00e0 Roland Garros - Padel Reference\" \/>\n<meta property=\"og:description\" content=\"La FFT et la FIP ont annonc\u00e9 le 2 avril que le Padel Major allait faire partie de la saison 2022 \u00e0 Roland Garros.\" \/>\n<meta property=\"og:url\" content=\"https:\/\/www.padelreference.com\/blog\/premier-padel-major-a-roland-garros-2022\/\" \/>\n<meta property=\"og:site_name\" content=\"Padel Reference\" \/>\n<meta property=\"article:published_time\" content=\"2022-04-15T09:36:42+00:00\" \/>\n<meta property=\"article:modified_time\" content=\"2022-12-08T15:25:58+00:00\" \/>\n<meta property=\"og:image\" content=\"https:\/\/www.padelreference.com\/blog\/wp-content\/uploads\/2022\/04\/Premier-Padel-Major-a\u0300-Roland-Garros-2022-1.jpg\" \/>\n\t<meta property=\"og:image:width\" content=\"1280\" \/>\n\t<meta property=\"og:image:height\" content=\"720\" \/>\n\t<meta property=\"og:image:type\" content=\"image\/jpeg\" \/>\n<meta name=\"author\" content=\"Admin Padel Reference\" \/>\n<meta name=\"twitter:card\" content=\"summary_large_image\" \/>\n<meta name=\"twitter:label1\" content=\"\u00c9crit par\" \/>\n\t<meta name=\"twitter:data1\" content=\"Admin Padel Reference\" \/>\n\t<meta name=\"twitter:label2\" content=\"Dur\u00e9e de lecture estim\u00e9e\" \/>\n\t<meta name=\"twitter:data2\" content=\"3 minutes\" \/>\n<script type=\"application\/ld+json\" class=\"yoast-schema-graph\">{\"@context\":\"https:\/\/schema.org\",\"@graph\":[{\"@type\":\"WebPage\",\"@id\":\"https:\/\/www.padelreference.com\/blog\/premier-padel-major-a-roland-garros-2022\/\",\"url\":\"https:\/\/www.padelreference.com\/blog\/premier-padel-major-a-roland-garros-2022\/\",\"name\":\"Premier Padel Major \u00e0 Roland Garros - Padel Reference\",\"isPartOf\":{\"@id\":\"https:\/\/www.padelreference.com\/blog\/#website\"},\"primaryImageOfPage\":{\"@id\":\"https:\/\/www.padelreference.com\/blog\/premier-padel-major-a-roland-garros-2022\/#primaryimage\"},\"image\":{\"@id\":\"https:\/\/www.padelreference.com\/blog\/premier-padel-major-a-roland-garros-2022\/#primaryimage\"},\"thumbnailUrl\":\"https:\/\/www.padelreference.com\/blog\/wp-content\/uploads\/2022\/04\/Premier-Padel-Major-a\u0300-Roland-Garros-2022-1.jpg\",\"datePublished\":\"2022-04-15T09:36:42+00:00\",\"dateModified\":\"2022-12-08T15:25:58+00:00\",\"author\":{\"@id\":\"https:\/\/www.padelreference.com\/blog\/#\/schema\/person\/d84774930853ed810e674aba522cd8d0\"},\"description\":\"La FFT et la FIP ont annonc\u00e9 le 2 avril que le Padel Major allait faire partie de la saison 2022 \u00e0 Roland Garros.\",\"breadcrumb\":{\"@id\":\"https:\/\/www.padelreference.com\/blog\/premier-padel-major-a-roland-garros-2022\/#breadcrumb\"},\"inLanguage\":\"fr-FR\",\"potentialAction\":[{\"@type\":\"ReadAction\",\"target\":[\"https:\/\/www.padelreference.com\/blog\/premier-padel-major-a-roland-garros-2022\/\"]}]},{\"@type\":\"ImageObject\",\"inLanguage\":\"fr-FR\",\"@id\":\"https:\/\/www.padelreference.com\/blog\/premier-padel-major-a-roland-garros-2022\/#primaryimage\",\"url\":\"https:\/\/www.padelreference.com\/blog\/wp-content\/uploads\/2022\/04\/Premier-Padel-Major-a\u0300-Roland-Garros-2022-1.jpg\",\"contentUrl\":\"https:\/\/www.padelreference.com\/blog\/wp-content\/uploads\/2022\/04\/Premier-Padel-Major-a\u0300-Roland-Garros-2022-1.jpg\",\"width\":1280,\"height\":720,\"caption\":\"Premier Padel Major a\u0300 Roland Garros 2022\"},{\"@type\":\"BreadcrumbList\",\"@id\":\"https:\/\/www.padelreference.com\/blog\/premier-padel-major-a-roland-garros-2022\/#breadcrumb\",\"itemListElement\":[{\"@type\":\"ListItem\",\"position\":1,\"name\":\"Accueil\",\"item\":\"https:\/\/www.padelreference.com\/blog\/\"},{\"@type\":\"ListItem\",\"position\":2,\"name\":\"Premier Padel Major \u00e0 Roland Garros 2022\"}]},{\"@type\":\"WebSite\",\"@id\":\"https:\/\/www.padelreference.com\/blog\/#website\",\"url\":\"https:\/\/www.padelreference.com\/blog\/\",\"name\":\"Padel Reference\",\"description\":\"Le Blog 100%\",\"potentialAction\":[{\"@type\":\"SearchAction\",\"target\":{\"@type\":\"EntryPoint\",\"urlTemplate\":\"https:\/\/www.padelreference.com\/blog\/?s={search_term_string}\"},\"query-input\":\"required name=search_term_string\"}],\"inLanguage\":\"fr-FR\"},{\"@type\":\"Person\",\"@id\":\"https:\/\/www.padelreference.com\/blog\/#\/schema\/person\/d84774930853ed810e674aba522cd8d0\",\"name\":\"Admin Padel Reference\",\"image\":{\"@type\":\"ImageObject\",\"inLanguage\":\"fr-FR\",\"@id\":\"https:\/\/www.padelreference.com\/blog\/#\/schema\/person\/image\/\",\"url\":\"https:\/\/secure.gravatar.com\/avatar\/fbc11dfe99504ebf8abdb52c4e873060?s=96&d=monsterid&r=g\",\"contentUrl\":\"https:\/\/secure.gravatar.com\/avatar\/fbc11dfe99504ebf8abdb52c4e873060?s=96&d=monsterid&r=g\",\"caption\":\"Admin Padel Reference\"},\"url\":\"https:\/\/www.padelreference.com\/blog\/author\/admin-padel-reference\/\"}]}<\/script>\n<!-- \/ Yoast SEO plugin. -->","yoast_head_json":{"title":"Premier Padel Major \u00e0 Roland Garros - Padel Reference","description":"La FFT et la FIP ont annonc\u00e9 le 2 avril que le Padel Major allait faire partie de la saison 2022 \u00e0 Roland Garros.","robots":{"index":"index","follow":"follow","max-snippet":"max-snippet:-1","max-image-preview":"max-image-preview:large","max-video-preview":"max-video-preview:-1"},"canonical":"https:\/\/www.padelreference.com\/blog\/premier-padel-major-a-roland-garros-2022\/","og_locale":"fr_FR","og_type":"article","og_title":"Premier Padel Major \u00e0 Roland Garros - Padel Reference","og_description":"La FFT et la FIP ont annonc\u00e9 le 2 avril que le Padel Major allait faire partie de la saison 2022 \u00e0 Roland Garros.","og_url":"https:\/\/www.padelreference.com\/blog\/premier-padel-major-a-roland-garros-2022\/","og_site_name":"Padel Reference","article_published_time":"2022-04-15T09:36:42+00:00","article_modified_time":"2022-12-08T15:25:58+00:00","og_image":[{"width":1280,"height":720,"url":"https:\/\/www.padelreference.com\/blog\/wp-content\/uploads\/2022\/04\/Premier-Padel-Major-a\u0300-Roland-Garros-2022-1.jpg","type":"image\/jpeg"}],"author":"Admin Padel Reference","twitter_card":"summary_large_image","twitter_misc":{"\u00c9crit par":"Admin Padel Reference","Dur\u00e9e de lecture estim\u00e9e":"3 minutes"},"schema":{"@context":"https:\/\/schema.org","@graph":[{"@type":"WebPage","@id":"https:\/\/www.padelreference.com\/blog\/premier-padel-major-a-roland-garros-2022\/","url":"https:\/\/www.padelreference.com\/blog\/premier-padel-major-a-roland-garros-2022\/","name":"Premier Padel Major \u00e0 Roland Garros - Padel Reference","isPartOf":{"@id":"https:\/\/www.padelreference.com\/blog\/#website"},"primaryImageOfPage":{"@id":"https:\/\/www.padelreference.com\/blog\/premier-padel-major-a-roland-garros-2022\/#primaryimage"},"image":{"@id":"https:\/\/www.padelreference.com\/blog\/premier-padel-major-a-roland-garros-2022\/#primaryimage"},"thumbnailUrl":"https:\/\/www.padelreference.com\/blog\/wp-content\/uploads\/2022\/04\/Premier-Padel-Major-a\u0300-Roland-Garros-2022-1.jpg","datePublished":"2022-04-15T09:36:42+00:00","dateModified":"2022-12-08T15:25:58+00:00","author":{"@id":"https:\/\/www.padelreference.com\/blog\/#\/schema\/person\/d84774930853ed810e674aba522cd8d0"},"description":"La FFT et la FIP ont annonc\u00e9 le 2 avril que le Padel Major allait faire partie de la saison 2022 \u00e0 Roland Garros.","breadcrumb":{"@id":"https:\/\/www.padelreference.com\/blog\/premier-padel-major-a-roland-garros-2022\/#breadcrumb"},"inLanguage":"fr-FR","potentialAction":[{"@type":"ReadAction","target":["https:\/\/www.padelreference.com\/blog\/premier-padel-major-a-roland-garros-2022\/"]}]},{"@type":"ImageObject","inLanguage":"fr-FR","@id":"https:\/\/www.padelreference.com\/blog\/premier-padel-major-a-roland-garros-2022\/#primaryimage","url":"https:\/\/www.padelreference.com\/blog\/wp-content\/uploads\/2022\/04\/Premier-Padel-Major-a\u0300-Roland-Garros-2022-1.jpg","contentUrl":"https:\/\/www.padelreference.com\/blog\/wp-content\/uploads\/2022\/04\/Premier-Padel-Major-a\u0300-Roland-Garros-2022-1.jpg","width":1280,"height":720,"caption":"Premier Padel Major a\u0300 Roland Garros 2022"},{"@type":"BreadcrumbList","@id":"https:\/\/www.padelreference.com\/blog\/premier-padel-major-a-roland-garros-2022\/#breadcrumb","itemListElement":[{"@type":"ListItem","position":1,"name":"Accueil","item":"https:\/\/www.padelreference.com\/blog\/"},{"@type":"ListItem","position":2,"name":"Premier Padel Major \u00e0 Roland Garros 2022"}]},{"@type":"WebSite","@id":"https:\/\/www.padelreference.com\/blog\/#website","url":"https:\/\/www.padelreference.com\/blog\/","name":"Padel Reference","description":"Le Blog 100%","potentialAction":[{"@type":"SearchAction","target":{"@type":"EntryPoint","urlTemplate":"https:\/\/www.padelreference.com\/blog\/?s={search_term_string}"},"query-input":"required name=search_term_string"}],"inLanguage":"fr-FR"},{"@type":"Person","@id":"https:\/\/www.padelreference.com\/blog\/#\/schema\/person\/d84774930853ed810e674aba522cd8d0","name":"Admin Padel Reference","image":{"@type":"ImageObject","inLanguage":"fr-FR","@id":"https:\/\/www.padelreference.com\/blog\/#\/schema\/person\/image\/","url":"https:\/\/secure.gravatar.com\/avatar\/fbc11dfe99504ebf8abdb52c4e873060?s=96&d=monsterid&r=g","contentUrl":"https:\/\/secure.gravatar.com\/avatar\/fbc11dfe99504ebf8abdb52c4e873060?s=96&d=monsterid&r=g","caption":"Admin Padel Reference"},"url":"https:\/\/www.padelreference.com\/blog\/author\/admin-padel-reference\/"}]}},"_links":{"self":[{"href":"https:\/\/www.padelreference.com\/blog\/wp-json\/wp\/v2\/posts\/1047"}],"collection":[{"href":"https:\/\/www.padelreference.com\/blog\/wp-json\/wp\/v2\/posts"}],"about":[{"href":"https:\/\/www.padelreference.com\/blog\/wp-json\/wp\/v2\/types\/post"}],"author":[{"embeddable":true,"href":"https:\/\/www.padelreference.com\/blog\/wp-json\/wp\/v2\/users\/2"}],"replies":[{"embeddable":true,"href":"https:\/\/www.padelreference.com\/blog\/wp-json\/wp\/v2\/comments?post=1047"}],"version-history":[{"count":0,"href":"https:\/\/www.padelreference.com\/blog\/wp-json\/wp\/v2\/posts\/1047\/revisions"}],"wp:featuredmedia":[{"embeddable":true,"href":"https:\/\/www.padelreference.com\/blog\/wp-json\/wp\/v2\/media\/1539"}],"wp:attachment":[{"href":"https:\/\/www.padelreference.com\/blog\/wp-json\/wp\/v2\/media?parent=1047"}],"wp:term":[{"taxonomy":"category","embeddable":true,"href":"https:\/\/www.padelreference.com\/blog\/wp-json\/wp\/v2\/categories?post=1047"},{"taxonomy":"post_tag","embeddable":true,"href":"https:\/\/www.padelreference.com\/blog\/wp-json\/wp\/v2\/tags?post=1047"}],"curies":[{"name":"wp","href":"https:\/\/api.w.org\/{rel}","templated":true}]}}