{"id":1181,"date":"2022-06-22T10:08:25","date_gmt":"2022-06-22T08:08:25","guid":{"rendered":"https:\/\/www.padelreference.com\/blog\/?p=1181"},"modified":"2022-12-08T16:45:37","modified_gmt":"2022-12-08T14:45:37","slug":"premier-padel-le-nouveau-circuit-de-padel","status":"publish","type":"post","link":"https:\/\/www.padelreference.com\/blog\/premier-padel-le-nouveau-circuit-de-padel\/","title":{"rendered":"Premier Padel, le nouveau circuit de Padel"},"content":{"rendered":"<p><span style=\"font-weight: 400;\">Dirig\u00e9 par la F\u00e9d\u00e9ration Internationale de padel et soutenu par Qatar Sports Investments (QSI) et l\u2019Association des joueurs professionnels, le nouveau circuit mondial voit enfin le jour sous le nom de Premier Padel.<\/span><\/p>\n<p><span style=\"font-weight: 400;\">Il accueillera minimum 10 tournois en 2022 et 2023, dont 4 \u00e9v\u00e9nements dit \u00ab Majeur \u00bb :<\/span><\/p>\n<p><span style=\"font-weight: 400;\">&#8211; \u00a0 \u00a0 \u00a0 Qatar Majeur \u00e0 Doha du 28 mars au 2 avril<\/span><\/p>\n<p><span style=\"font-weight: 400;\">&#8211; \u00a0 \u00a0 \u00a0 <a href=\"https:\/\/www.padelreference.com\/blog\/premier-padel-major-a-roland-garros-2022\/\">Paris Premier Majeur au Stade Roland Garros<\/a> du 11 au 17 juillet<\/span><\/p>\n<p><span style=\"font-weight: 400;\">&#8211; \u00a0 \u00a0 \u00a0 L\u2019Argentine Premier Padel Majeur du 9 au 14 ao\u00fbt<\/span><\/p>\n<p><span style=\"font-weight: 400;\">&#8211; \u00a0 \u00a0 \u00a0 Mexico Premier Padel Majeur en novembre<\/span><\/p>\n<p><span style=\"font-weight: 400;\">\u00a0<\/span><\/p>\n<p><span style=\"font-weight: 400;\">Le Pr\u00e9sident de la F\u00e9d\u00e9ration Internationale de Padel (FIP), Luigi Carraro a indiqu\u00e9 \u00eatre fi\u00e8re de ramener le padel \u00e0 ses racines au Mexique pour le dernier majeur. Il a \u00e9galement rajout\u00e9 <\/span><i><span style=\"font-weight: 400;\">\u00ab L&rsquo;une des missions de la F\u00e9d\u00e9ration est de rendre le sport du padel v\u00e9ritablement mondial, et cette annonce en est la preuve. Nous avons h\u00e2te d&rsquo;\u00eatre au Mexico Premier Padel Major en novembre. Je tiens \u00e9galement \u00e0 remercier la F\u00e9d\u00e9ration Mexicaine de Padel pour son soutien. C&rsquo;est un autre moment important pour le padel alors que notre calendrier pour 2022 continue de prendre forme. \u00bb<\/span><\/i><\/p>\n<p>&nbsp;<\/p>\n<p><span style=\"font-weight: 400;\">De son c\u00f4t\u00e9, le Paris Premier Padel se d\u00e9roulera au sein du court Philippe-Chatrier de la Porte d\u2019Auteuil. Le monde du Padel se r\u00e9jouit de cette annonce qui devrait d\u00e9velopper davantage la notori\u00e9t\u00e9 du Padel en France. Gilles<\/span> <span style=\"font-weight: 400;\">Moretton<\/span><b>,<\/b><span style=\"font-weight: 400;\"> pr\u00e9sident de la F\u00e9d\u00e9ration Fran\u00e7aise Tennis (FFT) est ravi de cette nouvelle, et l\u2019affirme lors d\u2019une interview : \u00ab <\/span><i><span style=\"font-weight: 400;\">C\u2019est un honneur d\u2019\u00eatre le premier pays europ\u00e9en \u00e0 proposer aux meilleurs joueurs de la plan\u00e8te une comp\u00e9tition de padel \u00ab Major \u00bb. La FFT est fi\u00e8re d\u2019\u00e9crire l\u2019histoire du padel en s\u2019associant \u00e0 la FIP et \u00e0 Premier Padel pour organiser le Paris Premier Padel Major au Stade Roland-Garros. Cet \u00e9v\u00e9nement va donner au padel une nouvelle dimension et renforcer l\u2019engouement des Fran\u00e7ais pour cette discipline, que la FFT soutient au moyen d\u2019un plan de d\u00e9veloppement complet<\/span><\/i><span style=\"font-weight: 400;\"> \u00bb.<\/span><\/p>\n<p>&nbsp;<\/p>\n<p><span style=\"font-weight: 400;\">Quant \u00e0 lui, le Qatar Majeur a d\u00e9j\u00e0 battu des records avec 123 paires inscrites comprenant des joueurs de 19 pays diff\u00e9rents, pour une dotation record de 525 000\u20ac.<\/span><\/p>\n<p>&nbsp;<\/p>\n<p><span style=\"font-weight: 400;\">Ce nouveau circuit met de nombreux moyens en place afin d\u2019internationaliser au maximum le padel, le World Padel Tour a donc du souci \u00e0 se faire face \u00e0 lui.<\/span><\/p>\n<p>&nbsp;<\/p>\n","protected":false},"excerpt":{"rendered":"<p>Dirig\u00e9 par la F\u00e9d\u00e9ration Internationale de padel et soutenu par Qatar Sports Investments (QSI) et l\u2019Association des joueurs professionnels, le nouveau circuit mondial voit enfin le jour sous le nom de Premier Padel. Il accueillera minimum 10 tournois en 2022 et 2023, dont 4 \u00e9v\u00e9nements dit \u00ab Majeur \u00bb : &#8211; \u00a0 \u00a0 \u00a0 Qatar [&hellip;]<\/p>\n","protected":false},"author":2,"featured_media":1522,"comment_status":"open","ping_status":"open","sticky":false,"template":"","format":"standard","meta":{"footnotes":""},"categories":[56,18],"tags":[],"class_list":["post-1181","post","type-post","status-publish","format-standard","has-post-thumbnail","hentry","category-premier-padel","category-actualites"],"yoast_head":"<!-- This site is optimized with the Yoast SEO plugin v23.1 - https:\/\/yoast.com\/wordpress\/plugins\/seo\/ -->\n<title>Le nouveau circuit de padel : Premier Padel - Padel Reference<\/title>\n<meta name=\"description\" content=\"Dirig\u00e9 par la FIP et soutenu par le QSI le nouveau circuit mondial voit enfin le jour sous le nom de Premier Padel.\" \/>\n<meta name=\"robots\" content=\"index, follow, max-snippet:-1, max-image-preview:large, max-video-preview:-1\" \/>\n<link rel=\"canonical\" href=\"https:\/\/www.padelreference.com\/blog\/premier-padel-le-nouveau-circuit-de-padel\/\" \/>\n<meta property=\"og:locale\" content=\"fr_FR\" \/>\n<meta property=\"og:type\" content=\"article\" \/>\n<meta property=\"og:title\" content=\"Le nouveau circuit de padel : Premier Padel - Padel Reference\" \/>\n<meta property=\"og:description\" content=\"Dirig\u00e9 par la FIP et soutenu par le QSI le nouveau circuit mondial voit enfin le jour sous le nom de Premier Padel.\" \/>\n<meta property=\"og:url\" content=\"https:\/\/www.padelreference.com\/blog\/premier-padel-le-nouveau-circuit-de-padel\/\" \/>\n<meta property=\"og:site_name\" content=\"Padel Reference\" \/>\n<meta property=\"article:published_time\" content=\"2022-06-22T08:08:25+00:00\" \/>\n<meta property=\"article:modified_time\" content=\"2022-12-08T14:45:37+00:00\" \/>\n<meta property=\"og:image\" content=\"https:\/\/www.padelreference.com\/blog\/wp-content\/uploads\/2022\/06\/Premier-Padel-le-nouveau-circuit-de-Padel-1.jpg\" \/>\n\t<meta property=\"og:image:width\" content=\"1280\" \/>\n\t<meta property=\"og:image:height\" content=\"720\" \/>\n\t<meta property=\"og:image:type\" content=\"image\/jpeg\" \/>\n<meta name=\"author\" content=\"Admin Padel Reference\" \/>\n<meta name=\"twitter:card\" content=\"summary_large_image\" \/>\n<meta name=\"twitter:label1\" content=\"\u00c9crit par\" \/>\n\t<meta name=\"twitter:data1\" content=\"Admin Padel Reference\" \/>\n\t<meta name=\"twitter:label2\" content=\"Dur\u00e9e de lecture estim\u00e9e\" \/>\n\t<meta name=\"twitter:data2\" content=\"2 minutes\" \/>\n<script type=\"application\/ld+json\" class=\"yoast-schema-graph\">{\"@context\":\"https:\/\/schema.org\",\"@graph\":[{\"@type\":\"WebPage\",\"@id\":\"https:\/\/www.padelreference.com\/blog\/premier-padel-le-nouveau-circuit-de-padel\/\",\"url\":\"https:\/\/www.padelreference.com\/blog\/premier-padel-le-nouveau-circuit-de-padel\/\",\"name\":\"Le nouveau circuit de padel : Premier Padel - Padel Reference\",\"isPartOf\":{\"@id\":\"https:\/\/www.padelreference.com\/blog\/#website\"},\"primaryImageOfPage\":{\"@id\":\"https:\/\/www.padelreference.com\/blog\/premier-padel-le-nouveau-circuit-de-padel\/#primaryimage\"},\"image\":{\"@id\":\"https:\/\/www.padelreference.com\/blog\/premier-padel-le-nouveau-circuit-de-padel\/#primaryimage\"},\"thumbnailUrl\":\"https:\/\/www.padelreference.com\/blog\/wp-content\/uploads\/2022\/06\/Premier-Padel-le-nouveau-circuit-de-Padel-1.jpg\",\"datePublished\":\"2022-06-22T08:08:25+00:00\",\"dateModified\":\"2022-12-08T14:45:37+00:00\",\"author\":{\"@id\":\"https:\/\/www.padelreference.com\/blog\/#\/schema\/person\/d84774930853ed810e674aba522cd8d0\"},\"description\":\"Dirig\u00e9 par la FIP et soutenu par le QSI le nouveau circuit mondial voit enfin le jour sous le nom de Premier Padel.\",\"breadcrumb\":{\"@id\":\"https:\/\/www.padelreference.com\/blog\/premier-padel-le-nouveau-circuit-de-padel\/#breadcrumb\"},\"inLanguage\":\"fr-FR\",\"potentialAction\":[{\"@type\":\"ReadAction\",\"target\":[\"https:\/\/www.padelreference.com\/blog\/premier-padel-le-nouveau-circuit-de-padel\/\"]}]},{\"@type\":\"ImageObject\",\"inLanguage\":\"fr-FR\",\"@id\":\"https:\/\/www.padelreference.com\/blog\/premier-padel-le-nouveau-circuit-de-padel\/#primaryimage\",\"url\":\"https:\/\/www.padelreference.com\/blog\/wp-content\/uploads\/2022\/06\/Premier-Padel-le-nouveau-circuit-de-Padel-1.jpg\",\"contentUrl\":\"https:\/\/www.padelreference.com\/blog\/wp-content\/uploads\/2022\/06\/Premier-Padel-le-nouveau-circuit-de-Padel-1.jpg\",\"width\":1280,\"height\":720,\"caption\":\"Premier Padel, le nouveau circuit de Padel\"},{\"@type\":\"BreadcrumbList\",\"@id\":\"https:\/\/www.padelreference.com\/blog\/premier-padel-le-nouveau-circuit-de-padel\/#breadcrumb\",\"itemListElement\":[{\"@type\":\"ListItem\",\"position\":1,\"name\":\"Accueil\",\"item\":\"https:\/\/www.padelreference.com\/blog\/\"},{\"@type\":\"ListItem\",\"position\":2,\"name\":\"Premier Padel, le nouveau circuit de Padel\"}]},{\"@type\":\"WebSite\",\"@id\":\"https:\/\/www.padelreference.com\/blog\/#website\",\"url\":\"https:\/\/www.padelreference.com\/blog\/\",\"name\":\"Padel Reference\",\"description\":\"Le Blog 100%\",\"potentialAction\":[{\"@type\":\"SearchAction\",\"target\":{\"@type\":\"EntryPoint\",\"urlTemplate\":\"https:\/\/www.padelreference.com\/blog\/?s={search_term_string}\"},\"query-input\":\"required name=search_term_string\"}],\"inLanguage\":\"fr-FR\"},{\"@type\":\"Person\",\"@id\":\"https:\/\/www.padelreference.com\/blog\/#\/schema\/person\/d84774930853ed810e674aba522cd8d0\",\"name\":\"Admin Padel Reference\",\"image\":{\"@type\":\"ImageObject\",\"inLanguage\":\"fr-FR\",\"@id\":\"https:\/\/www.padelreference.com\/blog\/#\/schema\/person\/image\/\",\"url\":\"https:\/\/secure.gravatar.com\/avatar\/fbc11dfe99504ebf8abdb52c4e873060?s=96&d=monsterid&r=g\",\"contentUrl\":\"https:\/\/secure.gravatar.com\/avatar\/fbc11dfe99504ebf8abdb52c4e873060?s=96&d=monsterid&r=g\",\"caption\":\"Admin Padel Reference\"},\"url\":\"https:\/\/www.padelreference.com\/blog\/author\/admin-padel-reference\/\"}]}<\/script>\n<!-- \/ Yoast SEO plugin. -->","yoast_head_json":{"title":"Le nouveau circuit de padel : Premier Padel - Padel Reference","description":"Dirig\u00e9 par la FIP et soutenu par le QSI le nouveau circuit mondial voit enfin le jour sous le nom de Premier Padel.","robots":{"index":"index","follow":"follow","max-snippet":"max-snippet:-1","max-image-preview":"max-image-preview:large","max-video-preview":"max-video-preview:-1"},"canonical":"https:\/\/www.padelreference.com\/blog\/premier-padel-le-nouveau-circuit-de-padel\/","og_locale":"fr_FR","og_type":"article","og_title":"Le nouveau circuit de padel : Premier Padel - Padel Reference","og_description":"Dirig\u00e9 par la FIP et soutenu par le QSI le nouveau circuit mondial voit enfin le jour sous le nom de Premier Padel.","og_url":"https:\/\/www.padelreference.com\/blog\/premier-padel-le-nouveau-circuit-de-padel\/","og_site_name":"Padel Reference","article_published_time":"2022-06-22T08:08:25+00:00","article_modified_time":"2022-12-08T14:45:37+00:00","og_image":[{"width":1280,"height":720,"url":"https:\/\/www.padelreference.com\/blog\/wp-content\/uploads\/2022\/06\/Premier-Padel-le-nouveau-circuit-de-Padel-1.jpg","type":"image\/jpeg"}],"author":"Admin Padel Reference","twitter_card":"summary_large_image","twitter_misc":{"\u00c9crit par":"Admin Padel Reference","Dur\u00e9e de lecture estim\u00e9e":"2 minutes"},"schema":{"@context":"https:\/\/schema.org","@graph":[{"@type":"WebPage","@id":"https:\/\/www.padelreference.com\/blog\/premier-padel-le-nouveau-circuit-de-padel\/","url":"https:\/\/www.padelreference.com\/blog\/premier-padel-le-nouveau-circuit-de-padel\/","name":"Le nouveau circuit de padel : Premier Padel - Padel Reference","isPartOf":{"@id":"https:\/\/www.padelreference.com\/blog\/#website"},"primaryImageOfPage":{"@id":"https:\/\/www.padelreference.com\/blog\/premier-padel-le-nouveau-circuit-de-padel\/#primaryimage"},"image":{"@id":"https:\/\/www.padelreference.com\/blog\/premier-padel-le-nouveau-circuit-de-padel\/#primaryimage"},"thumbnailUrl":"https:\/\/www.padelreference.com\/blog\/wp-content\/uploads\/2022\/06\/Premier-Padel-le-nouveau-circuit-de-Padel-1.jpg","datePublished":"2022-06-22T08:08:25+00:00","dateModified":"2022-12-08T14:45:37+00:00","author":{"@id":"https:\/\/www.padelreference.com\/blog\/#\/schema\/person\/d84774930853ed810e674aba522cd8d0"},"description":"Dirig\u00e9 par la FIP et soutenu par le QSI le nouveau circuit mondial voit enfin le jour sous le nom de Premier Padel.","breadcrumb":{"@id":"https:\/\/www.padelreference.com\/blog\/premier-padel-le-nouveau-circuit-de-padel\/#breadcrumb"},"inLanguage":"fr-FR","potentialAction":[{"@type":"ReadAction","target":["https:\/\/www.padelreference.com\/blog\/premier-padel-le-nouveau-circuit-de-padel\/"]}]},{"@type":"ImageObject","inLanguage":"fr-FR","@id":"https:\/\/www.padelreference.com\/blog\/premier-padel-le-nouveau-circuit-de-padel\/#primaryimage","url":"https:\/\/www.padelreference.com\/blog\/wp-content\/uploads\/2022\/06\/Premier-Padel-le-nouveau-circuit-de-Padel-1.jpg","contentUrl":"https:\/\/www.padelreference.com\/blog\/wp-content\/uploads\/2022\/06\/Premier-Padel-le-nouveau-circuit-de-Padel-1.jpg","width":1280,"height":720,"caption":"Premier Padel, le nouveau circuit de Padel"},{"@type":"BreadcrumbList","@id":"https:\/\/www.padelreference.com\/blog\/premier-padel-le-nouveau-circuit-de-padel\/#breadcrumb","itemListElement":[{"@type":"ListItem","position":1,"name":"Accueil","item":"https:\/\/www.padelreference.com\/blog\/"},{"@type":"ListItem","position":2,"name":"Premier Padel, le nouveau circuit de Padel"}]},{"@type":"WebSite","@id":"https:\/\/www.padelreference.com\/blog\/#website","url":"https:\/\/www.padelreference.com\/blog\/","name":"Padel Reference","description":"Le Blog 100%","potentialAction":[{"@type":"SearchAction","target":{"@type":"EntryPoint","urlTemplate":"https:\/\/www.padelreference.com\/blog\/?s={search_term_string}"},"query-input":"required name=search_term_string"}],"inLanguage":"fr-FR"},{"@type":"Person","@id":"https:\/\/www.padelreference.com\/blog\/#\/schema\/person\/d84774930853ed810e674aba522cd8d0","name":"Admin Padel Reference","image":{"@type":"ImageObject","inLanguage":"fr-FR","@id":"https:\/\/www.padelreference.com\/blog\/#\/schema\/person\/image\/","url":"https:\/\/secure.gravatar.com\/avatar\/fbc11dfe99504ebf8abdb52c4e873060?s=96&d=monsterid&r=g","contentUrl":"https:\/\/secure.gravatar.com\/avatar\/fbc11dfe99504ebf8abdb52c4e873060?s=96&d=monsterid&r=g","caption":"Admin Padel Reference"},"url":"https:\/\/www.padelreference.com\/blog\/author\/admin-padel-reference\/"}]}},"_links":{"self":[{"href":"https:\/\/www.padelreference.com\/blog\/wp-json\/wp\/v2\/posts\/1181"}],"collection":[{"href":"https:\/\/www.padelreference.com\/blog\/wp-json\/wp\/v2\/posts"}],"about":[{"href":"https:\/\/www.padelreference.com\/blog\/wp-json\/wp\/v2\/types\/post"}],"author":[{"embeddable":true,"href":"https:\/\/www.padelreference.com\/blog\/wp-json\/wp\/v2\/users\/2"}],"replies":[{"embeddable":true,"href":"https:\/\/www.padelreference.com\/blog\/wp-json\/wp\/v2\/comments?post=1181"}],"version-history":[{"count":0,"href":"https:\/\/www.padelreference.com\/blog\/wp-json\/wp\/v2\/posts\/1181\/revisions"}],"wp:featuredmedia":[{"embeddable":true,"href":"https:\/\/www.padelreference.com\/blog\/wp-json\/wp\/v2\/media\/1522"}],"wp:attachment":[{"href":"https:\/\/www.padelreference.com\/blog\/wp-json\/wp\/v2\/media?parent=1181"}],"wp:term":[{"taxonomy":"category","embeddable":true,"href":"https:\/\/www.padelreference.com\/blog\/wp-json\/wp\/v2\/categories?post=1181"},{"taxonomy":"post_tag","embeddable":true,"href":"https:\/\/www.padelreference.com\/blog\/wp-json\/wp\/v2\/tags?post=1181"}],"curies":[{"name":"wp","href":"https:\/\/api.w.org\/{rel}","templated":true}]}}