{"id":1557,"date":"2022-12-13T15:44:34","date_gmt":"2022-12-13T13:44:34","guid":{"rendered":"https:\/\/www.padelreference.com\/blog\/?p=1557"},"modified":"2023-01-23T11:47:29","modified_gmt":"2023-01-23T09:47:29","slug":"challenger-final-cordoba-2022","status":"publish","type":"post","link":"https:\/\/www.padelreference.com\/blog\/challenger-final-cordoba-2022\/","title":{"rendered":"Challenger Final Cordoba 2022"},"content":{"rendered":"<p><span style=\"font-weight: 400;\">Cordoba n&rsquo;accueillera finalement pas le tournoi de Padel Final Challenger 2022.<\/span><\/p>\n<p><span style=\"font-weight: 400;\">Le World Padel Tour a inform\u00e9 que l&rsquo;\u00e9preuve finale, qui devait avoir lieu dans la ville, se tiendra \u00e0 Minorque.<\/span><\/p>\n<p>&nbsp;<\/p>\n<p><span style=\"font-weight: 400;\">Cordoba n&rsquo;aura finalement pas rendez-vous avec le plus beau Padel au monde en 2022. Ces derni\u00e8res ann\u00e9es, la ville a accueilli un \u00e9v\u00e9nement du World Padel Tour, ce qui d\u00e9montre l&rsquo;engagement du conseil municipal de Cordoue et d&rsquo;Imdeco \u00e0 faire venir le sport d&rsquo;\u00e9lite dans la ville. Vista Alegre a d\u00e9j\u00e0 accueilli deux tournois Open sur le calendrier du circuit mondial.\u00a0<\/span><\/p>\n<p>&nbsp;<\/p>\n<p><span style=\"font-weight: 400;\">Cette ann\u00e9e, la ville devait accueillir la toute premi\u00e8re finale du WPT Challenger. Cela \u00e9tait pr\u00e9vu dans le calendrier initial du tournoi, dans lequel la ville devait accueillir l&rsquo;\u00e9v\u00e9nement du 1er au 4 d\u00e9cembre. Toutefois, comme le World Padel Tour lui-m\u00eame l&rsquo;a signal\u00e9 il y a quelques jours, ce ne sera finalement pas le cas.<\/span><\/p>\n<p>&nbsp;<\/p>\n<p><span style=\"font-weight: 400;\">Par le biais d&rsquo;un communiqu\u00e9 de presse, l&rsquo;organisation a indiqu\u00e9 que la finale du Challenger 2022 changera de lieu et se tiendra dans la ville minorquine de Ciudatella, en conservant la m\u00eame date. C&rsquo;est donc l\u00e0 que se rencontreront les 16 meilleurs joueurs, hommes et femmes, de la Race Challenger 2022, qui disputeront leurs matchs au Poliesportiu Municipal de Ciutadella.<\/span><\/p>\n<p>&nbsp;<\/p>\n<p><span style=\"font-weight: 400;\">Comme l&rsquo;a expliqu\u00e9 Jes\u00fas Ferrer, PDG d&rsquo;Ultimate Padel Company, les organisateurs \u00e9taient tr\u00e8s enthousiastes \u00e0 l&rsquo;id\u00e9e de tenir la finale du Challenger \u00e0 Cordoue, car c\u2019\u00e9tait un \u00e9v\u00e9nement qui allait ouvrir et mettre sur la carte le nouveau parc des expositions de la ville andalouse.<\/span><\/p>\n<p>&nbsp;<\/p>\n<h3><b>Le d\u00e9roul\u00e9 de la comp\u00e9tition\u00a0<\/b><\/h3>\n<p><span style=\"font-weight: 400;\">Dans ce tournoi, les 16 joueurs les mieux class\u00e9s dans les cat\u00e9gories hommes et femmes s&rsquo;affronteront en duel.<\/span><\/p>\n<p>&nbsp;<\/p>\n<p><span style=\"font-weight: 400;\">La comp\u00e9tition se d\u00e9roule par \u00e9limination directe, dans un tirage au sort de 8 paires. Dont deux partiront comme t\u00eates de s\u00e9rie (1er et 2e, fixes) ; les 3e et 4e seront tir\u00e9s au sort entre eux ; ainsi que les 5e, 6e, 7e et 8e. Et les matchs se joueront au meilleur des trois sets, avec Golden Point et tie-break dans tous les cas.\u00a0<\/span><\/p>\n<p>&nbsp;<\/p>\n<p><span style=\"font-weight: 400;\">Le premier jour de la comp\u00e9tition, deux matchs de quart de finale seront jou\u00e9s, et le deuxi\u00e8me jour, les deux autres matchs de quart de finale seront jou\u00e9s. Le troisi\u00e8me jour, les demi-finales ont lieu et le quatri\u00e8me jour, la finale.<\/span><\/p>\n","protected":false},"excerpt":{"rendered":"<p>Cordoba n&rsquo;accueillera finalement pas le tournoi de Padel Final Challenger 2022. Le World Padel Tour a inform\u00e9 que l&rsquo;\u00e9preuve finale, qui devait avoir lieu dans la ville, se tiendra \u00e0 Minorque. &nbsp; Cordoba n&rsquo;aura finalement pas rendez-vous avec le plus beau Padel au monde en 2022. Ces derni\u00e8res ann\u00e9es, la ville a accueilli un \u00e9v\u00e9nement [&hellip;]<\/p>\n","protected":false},"author":2,"featured_media":1590,"comment_status":"open","ping_status":"open","sticky":false,"template":"","format":"standard","meta":{"footnotes":""},"categories":[52,54],"tags":[],"class_list":["post-1557","post","type-post","status-publish","format-standard","has-post-thumbnail","hentry","category-competitions","category-world-padel-tour"],"yoast_head":"<!-- This site is optimized with the Yoast SEO plugin v23.1 - https:\/\/yoast.com\/wordpress\/plugins\/seo\/ -->\n<title>Challenger Final Cordoba 2022 - Padel Reference<\/title>\n<meta name=\"robots\" content=\"index, follow, max-snippet:-1, max-image-preview:large, max-video-preview:-1\" \/>\n<link rel=\"canonical\" href=\"https:\/\/www.padelreference.com\/blog\/challenger-final-cordoba-2022\/\" \/>\n<meta property=\"og:locale\" content=\"fr_FR\" \/>\n<meta property=\"og:type\" content=\"article\" \/>\n<meta property=\"og:title\" content=\"Challenger Final Cordoba 2022 - Padel Reference\" \/>\n<meta property=\"og:description\" content=\"Cordoba n&rsquo;accueillera finalement pas le tournoi de Padel Final Challenger 2022. Le World Padel Tour a inform\u00e9 que l&rsquo;\u00e9preuve finale, qui devait avoir lieu dans la ville, se tiendra \u00e0 Minorque. &nbsp; Cordoba n&rsquo;aura finalement pas rendez-vous avec le plus beau Padel au monde en 2022. Ces derni\u00e8res ann\u00e9es, la ville a accueilli un \u00e9v\u00e9nement [&hellip;]\" \/>\n<meta property=\"og:url\" content=\"https:\/\/www.padelreference.com\/blog\/challenger-final-cordoba-2022\/\" \/>\n<meta property=\"og:site_name\" content=\"Padel Reference\" \/>\n<meta property=\"article:published_time\" content=\"2022-12-13T13:44:34+00:00\" \/>\n<meta property=\"article:modified_time\" content=\"2023-01-23T09:47:29+00:00\" \/>\n<meta property=\"og:image\" content=\"https:\/\/www.padelreference.com\/blog\/wp-content\/uploads\/2022\/12\/Challenger-Final-Cordoba-2022-1.jpg\" \/>\n\t<meta property=\"og:image:width\" content=\"1280\" \/>\n\t<meta property=\"og:image:height\" content=\"720\" \/>\n\t<meta property=\"og:image:type\" content=\"image\/jpeg\" \/>\n<meta name=\"author\" content=\"Admin Padel Reference\" \/>\n<meta name=\"twitter:card\" content=\"summary_large_image\" \/>\n<meta name=\"twitter:label1\" content=\"\u00c9crit par\" \/>\n\t<meta name=\"twitter:data1\" content=\"Admin Padel Reference\" \/>\n\t<meta name=\"twitter:label2\" content=\"Dur\u00e9e de lecture estim\u00e9e\" \/>\n\t<meta name=\"twitter:data2\" content=\"2 minutes\" \/>\n<script type=\"application\/ld+json\" class=\"yoast-schema-graph\">{\"@context\":\"https:\/\/schema.org\",\"@graph\":[{\"@type\":\"WebPage\",\"@id\":\"https:\/\/www.padelreference.com\/blog\/challenger-final-cordoba-2022\/\",\"url\":\"https:\/\/www.padelreference.com\/blog\/challenger-final-cordoba-2022\/\",\"name\":\"Challenger Final Cordoba 2022 - Padel Reference\",\"isPartOf\":{\"@id\":\"https:\/\/www.padelreference.com\/blog\/#website\"},\"primaryImageOfPage\":{\"@id\":\"https:\/\/www.padelreference.com\/blog\/challenger-final-cordoba-2022\/#primaryimage\"},\"image\":{\"@id\":\"https:\/\/www.padelreference.com\/blog\/challenger-final-cordoba-2022\/#primaryimage\"},\"thumbnailUrl\":\"https:\/\/www.padelreference.com\/blog\/wp-content\/uploads\/2022\/12\/Challenger-Final-Cordoba-2022-1.jpg\",\"datePublished\":\"2022-12-13T13:44:34+00:00\",\"dateModified\":\"2023-01-23T09:47:29+00:00\",\"author\":{\"@id\":\"https:\/\/www.padelreference.com\/blog\/#\/schema\/person\/d84774930853ed810e674aba522cd8d0\"},\"breadcrumb\":{\"@id\":\"https:\/\/www.padelreference.com\/blog\/challenger-final-cordoba-2022\/#breadcrumb\"},\"inLanguage\":\"fr-FR\",\"potentialAction\":[{\"@type\":\"ReadAction\",\"target\":[\"https:\/\/www.padelreference.com\/blog\/challenger-final-cordoba-2022\/\"]}]},{\"@type\":\"ImageObject\",\"inLanguage\":\"fr-FR\",\"@id\":\"https:\/\/www.padelreference.com\/blog\/challenger-final-cordoba-2022\/#primaryimage\",\"url\":\"https:\/\/www.padelreference.com\/blog\/wp-content\/uploads\/2022\/12\/Challenger-Final-Cordoba-2022-1.jpg\",\"contentUrl\":\"https:\/\/www.padelreference.com\/blog\/wp-content\/uploads\/2022\/12\/Challenger-Final-Cordoba-2022-1.jpg\",\"width\":1280,\"height\":720,\"caption\":\"Challenger Final Cordoba 2022\"},{\"@type\":\"BreadcrumbList\",\"@id\":\"https:\/\/www.padelreference.com\/blog\/challenger-final-cordoba-2022\/#breadcrumb\",\"itemListElement\":[{\"@type\":\"ListItem\",\"position\":1,\"name\":\"Accueil\",\"item\":\"https:\/\/www.padelreference.com\/blog\/\"},{\"@type\":\"ListItem\",\"position\":2,\"name\":\"Challenger Final Cordoba 2022\"}]},{\"@type\":\"WebSite\",\"@id\":\"https:\/\/www.padelreference.com\/blog\/#website\",\"url\":\"https:\/\/www.padelreference.com\/blog\/\",\"name\":\"Padel Reference\",\"description\":\"Le Blog 100%\",\"potentialAction\":[{\"@type\":\"SearchAction\",\"target\":{\"@type\":\"EntryPoint\",\"urlTemplate\":\"https:\/\/www.padelreference.com\/blog\/?s={search_term_string}\"},\"query-input\":\"required name=search_term_string\"}],\"inLanguage\":\"fr-FR\"},{\"@type\":\"Person\",\"@id\":\"https:\/\/www.padelreference.com\/blog\/#\/schema\/person\/d84774930853ed810e674aba522cd8d0\",\"name\":\"Admin Padel Reference\",\"image\":{\"@type\":\"ImageObject\",\"inLanguage\":\"fr-FR\",\"@id\":\"https:\/\/www.padelreference.com\/blog\/#\/schema\/person\/image\/\",\"url\":\"https:\/\/secure.gravatar.com\/avatar\/fbc11dfe99504ebf8abdb52c4e873060?s=96&d=monsterid&r=g\",\"contentUrl\":\"https:\/\/secure.gravatar.com\/avatar\/fbc11dfe99504ebf8abdb52c4e873060?s=96&d=monsterid&r=g\",\"caption\":\"Admin Padel Reference\"},\"url\":\"https:\/\/www.padelreference.com\/blog\/author\/admin-padel-reference\/\"}]}<\/script>\n<!-- \/ Yoast SEO plugin. -->","yoast_head_json":{"title":"Challenger Final Cordoba 2022 - Padel Reference","robots":{"index":"index","follow":"follow","max-snippet":"max-snippet:-1","max-image-preview":"max-image-preview:large","max-video-preview":"max-video-preview:-1"},"canonical":"https:\/\/www.padelreference.com\/blog\/challenger-final-cordoba-2022\/","og_locale":"fr_FR","og_type":"article","og_title":"Challenger Final Cordoba 2022 - Padel Reference","og_description":"Cordoba n&rsquo;accueillera finalement pas le tournoi de Padel Final Challenger 2022. Le World Padel Tour a inform\u00e9 que l&rsquo;\u00e9preuve finale, qui devait avoir lieu dans la ville, se tiendra \u00e0 Minorque. &nbsp; Cordoba n&rsquo;aura finalement pas rendez-vous avec le plus beau Padel au monde en 2022. Ces derni\u00e8res ann\u00e9es, la ville a accueilli un \u00e9v\u00e9nement [&hellip;]","og_url":"https:\/\/www.padelreference.com\/blog\/challenger-final-cordoba-2022\/","og_site_name":"Padel Reference","article_published_time":"2022-12-13T13:44:34+00:00","article_modified_time":"2023-01-23T09:47:29+00:00","og_image":[{"width":1280,"height":720,"url":"https:\/\/www.padelreference.com\/blog\/wp-content\/uploads\/2022\/12\/Challenger-Final-Cordoba-2022-1.jpg","type":"image\/jpeg"}],"author":"Admin Padel Reference","twitter_card":"summary_large_image","twitter_misc":{"\u00c9crit par":"Admin Padel Reference","Dur\u00e9e de lecture estim\u00e9e":"2 minutes"},"schema":{"@context":"https:\/\/schema.org","@graph":[{"@type":"WebPage","@id":"https:\/\/www.padelreference.com\/blog\/challenger-final-cordoba-2022\/","url":"https:\/\/www.padelreference.com\/blog\/challenger-final-cordoba-2022\/","name":"Challenger Final Cordoba 2022 - Padel Reference","isPartOf":{"@id":"https:\/\/www.padelreference.com\/blog\/#website"},"primaryImageOfPage":{"@id":"https:\/\/www.padelreference.com\/blog\/challenger-final-cordoba-2022\/#primaryimage"},"image":{"@id":"https:\/\/www.padelreference.com\/blog\/challenger-final-cordoba-2022\/#primaryimage"},"thumbnailUrl":"https:\/\/www.padelreference.com\/blog\/wp-content\/uploads\/2022\/12\/Challenger-Final-Cordoba-2022-1.jpg","datePublished":"2022-12-13T13:44:34+00:00","dateModified":"2023-01-23T09:47:29+00:00","author":{"@id":"https:\/\/www.padelreference.com\/blog\/#\/schema\/person\/d84774930853ed810e674aba522cd8d0"},"breadcrumb":{"@id":"https:\/\/www.padelreference.com\/blog\/challenger-final-cordoba-2022\/#breadcrumb"},"inLanguage":"fr-FR","potentialAction":[{"@type":"ReadAction","target":["https:\/\/www.padelreference.com\/blog\/challenger-final-cordoba-2022\/"]}]},{"@type":"ImageObject","inLanguage":"fr-FR","@id":"https:\/\/www.padelreference.com\/blog\/challenger-final-cordoba-2022\/#primaryimage","url":"https:\/\/www.padelreference.com\/blog\/wp-content\/uploads\/2022\/12\/Challenger-Final-Cordoba-2022-1.jpg","contentUrl":"https:\/\/www.padelreference.com\/blog\/wp-content\/uploads\/2022\/12\/Challenger-Final-Cordoba-2022-1.jpg","width":1280,"height":720,"caption":"Challenger Final Cordoba 2022"},{"@type":"BreadcrumbList","@id":"https:\/\/www.padelreference.com\/blog\/challenger-final-cordoba-2022\/#breadcrumb","itemListElement":[{"@type":"ListItem","position":1,"name":"Accueil","item":"https:\/\/www.padelreference.com\/blog\/"},{"@type":"ListItem","position":2,"name":"Challenger Final Cordoba 2022"}]},{"@type":"WebSite","@id":"https:\/\/www.padelreference.com\/blog\/#website","url":"https:\/\/www.padelreference.com\/blog\/","name":"Padel Reference","description":"Le Blog 100%","potentialAction":[{"@type":"SearchAction","target":{"@type":"EntryPoint","urlTemplate":"https:\/\/www.padelreference.com\/blog\/?s={search_term_string}"},"query-input":"required name=search_term_string"}],"inLanguage":"fr-FR"},{"@type":"Person","@id":"https:\/\/www.padelreference.com\/blog\/#\/schema\/person\/d84774930853ed810e674aba522cd8d0","name":"Admin Padel Reference","image":{"@type":"ImageObject","inLanguage":"fr-FR","@id":"https:\/\/www.padelreference.com\/blog\/#\/schema\/person\/image\/","url":"https:\/\/secure.gravatar.com\/avatar\/fbc11dfe99504ebf8abdb52c4e873060?s=96&d=monsterid&r=g","contentUrl":"https:\/\/secure.gravatar.com\/avatar\/fbc11dfe99504ebf8abdb52c4e873060?s=96&d=monsterid&r=g","caption":"Admin Padel Reference"},"url":"https:\/\/www.padelreference.com\/blog\/author\/admin-padel-reference\/"}]}},"_links":{"self":[{"href":"https:\/\/www.padelreference.com\/blog\/wp-json\/wp\/v2\/posts\/1557"}],"collection":[{"href":"https:\/\/www.padelreference.com\/blog\/wp-json\/wp\/v2\/posts"}],"about":[{"href":"https:\/\/www.padelreference.com\/blog\/wp-json\/wp\/v2\/types\/post"}],"author":[{"embeddable":true,"href":"https:\/\/www.padelreference.com\/blog\/wp-json\/wp\/v2\/users\/2"}],"replies":[{"embeddable":true,"href":"https:\/\/www.padelreference.com\/blog\/wp-json\/wp\/v2\/comments?post=1557"}],"version-history":[{"count":0,"href":"https:\/\/www.padelreference.com\/blog\/wp-json\/wp\/v2\/posts\/1557\/revisions"}],"wp:featuredmedia":[{"embeddable":true,"href":"https:\/\/www.padelreference.com\/blog\/wp-json\/wp\/v2\/media\/1590"}],"wp:attachment":[{"href":"https:\/\/www.padelreference.com\/blog\/wp-json\/wp\/v2\/media?parent=1557"}],"wp:term":[{"taxonomy":"category","embeddable":true,"href":"https:\/\/www.padelreference.com\/blog\/wp-json\/wp\/v2\/categories?post=1557"},{"taxonomy":"post_tag","embeddable":true,"href":"https:\/\/www.padelreference.com\/blog\/wp-json\/wp\/v2\/tags?post=1557"}],"curies":[{"name":"wp","href":"https:\/\/api.w.org\/{rel}","templated":true}]}}