{"id":1632,"date":"2023-01-30T14:28:22","date_gmt":"2023-01-30T12:28:22","guid":{"rendered":"https:\/\/www.padelreference.com\/blog\/?p=1632"},"modified":"2023-01-30T14:28:22","modified_gmt":"2023-01-30T12:28:22","slug":"le-wpt-de-retour-a-toulouse-en-2023-avec-le-human-padel-open","status":"publish","type":"post","link":"https:\/\/www.padelreference.com\/blog\/le-wpt-de-retour-a-toulouse-en-2023-avec-le-human-padel-open\/","title":{"rendered":"Le WPT de retour \u00e0 Toulouse en 2023 avec le Human Padel Open"},"content":{"rendered":"<p><span style=\"font-weight: 400;\">L\u2019agence de marketing sportif cr\u00e9\u00e9e par les l\u00e9gendes du sport Fran\u00e7ais Teddy Riner et Tony Parker a annonc\u00e9 la 2eme \u00e9dition du Human Padel Open.<\/span><\/p>\n<p><span style=\"font-weight: 400;\">Cette nouvelle \u00e9dition aura lieu du 12 au 18 juin 2023 \u00e0 Toulouse.<\/span><\/p>\n<p><span style=\"font-weight: 400;\">Le Human Padel Open tient son nom du sponsor principal du tournoi WPT, qui est l\u2019agence immobili\u00e8re Human.\u00a0<\/span><\/p>\n<h3><b>Une seconde \u00e9dition tr\u00e8s attendue<\/b><\/h3>\n<p><span style=\"font-weight: 400;\">Gr\u00e2ce \u00e0 la premi\u00e8re \u00e9dition qui a rencontr\u00e9 un franc succ\u00e8s, avec pr\u00e8s de 12 000 spectateurs venus admirer les meilleurs joueurs mondiaux malgr\u00e9 la longue p\u00e9riode de canicule. Ce qui veut en dire long sur l\u2019engouement des spectateurs autour de ce tournoi.<\/span><\/p>\n<p><span style=\"font-weight: 400;\">Un sport de raquettes qui monte en puissance.\u00a0<\/span><\/p>\n<p><span style=\"font-weight: 400;\">Le padel compte 20 millions de pratiquants recens\u00e9s dans le monde.\u00a0 En Europe, 27 000 pistes ont vu le jour entre 2016 et 2021. En France, le nombre de pratiquants compte une \u00e9volution de 41% (en 2022). On \u00e9value \u00e0 150 000 le nombre de joueurs fran\u00e7ais et on recense pr\u00e8s d\u2019un millier de pistes de padel.<\/span><\/p>\n<p><span style=\"font-weight: 400;\">Canal + est diffuseur du World Padel Tour jusqu\u2019\u00e0 2026. L\u2019\u00e9preuve sera donc retransmise dans plus de 150 pays, et en ce qui concerne la France la comp\u00e9tition va \u00eatre diffus\u00e9e sur Canal +, tout comme l\u2019ann\u00e9e derni\u00e8re.\u00a0<\/span><\/p>\n<p><span style=\"font-weight: 400;\">Gr\u00e2ce \u00e0 ce g\u00e9ant de la t\u00e9l\u00e9, cet \u00e9v\u00e9nement b\u00e9n\u00e9ficiera d\u2019une exposition m\u00e9diatique exceptionnelle. Et ce, du au fait que Canal + soit le diffuseur exclusif de la comp\u00e9tition.<\/span><\/p>\n<p><span style=\"font-weight: 400;\">Sur Youtube, l\u2019\u00e9dition pr\u00e9c\u00e9dente a g\u00e9n\u00e9r\u00e9 plus d\u2019un million de vues des highlights sur Youtube. C\u2019est donc ici que nous retrouverons cet \u00e9v\u00e9nement \u00e0 ne pas manquer et donc les 20 meilleures paires mondiales. Nous y retrouverons probablement nos t\u00eates d\u2019affiches fran\u00e7aises qui pourront b\u00e9n\u00e9ficier d\u2019une Wild Card dans le tableau principal ou en qualification, c\u2019est l&rsquo;occasion r\u00eav\u00e9e pour nos fran\u00e7ais de se montrer aupr\u00e8s du monde entier.<\/span><\/p>\n<p>&nbsp;<\/p>\n<h3><b>Toulouse un choix qui se justifie<\/b><\/h3>\n<p><span style=\"font-weight: 400;\">Le \u201cHuman Padel Open\u201d aura donc lieu \u00e0 Toulouse, l\u2019Occitanie contribue fortement au d\u00e9veloppement de la discipline. On y retrouve notamment le plus grand complexe Indoor de France : Toulouse Padel Club, \u00e9galement le 4Padel de Colomiers poss\u00e8de 11 pistes indoor, c\u2019est ici que se d\u00e9rouleront les qualifications du Human Padel Open.<\/span><\/p>\n","protected":false},"excerpt":{"rendered":"<p>L\u2019agence de marketing sportif cr\u00e9\u00e9e par les l\u00e9gendes du sport Fran\u00e7ais Teddy Riner et Tony Parker a annonc\u00e9 la 2eme \u00e9dition du Human Padel Open. Cette nouvelle \u00e9dition aura lieu du 12 au 18 juin 2023 \u00e0 Toulouse. Le Human Padel Open tient son nom du sponsor principal du tournoi WPT, qui est l\u2019agence immobili\u00e8re [&hellip;]<\/p>\n","protected":false},"author":2,"featured_media":1636,"comment_status":"open","ping_status":"open","sticky":false,"template":"","format":"standard","meta":{"footnotes":""},"categories":[18],"tags":[],"class_list":["post-1632","post","type-post","status-publish","format-standard","has-post-thumbnail","hentry","category-actualites"],"yoast_head":"<!-- This site is optimized with the Yoast SEO plugin v23.1 - https:\/\/yoast.com\/wordpress\/plugins\/seo\/ -->\n<title>Le WPT de retour \u00e0 Toulouse en 2023 avec le Human Padel Open - Padel Reference<\/title>\n<meta name=\"robots\" content=\"index, follow, max-snippet:-1, max-image-preview:large, max-video-preview:-1\" \/>\n<link rel=\"canonical\" href=\"https:\/\/www.padelreference.com\/blog\/le-wpt-de-retour-a-toulouse-en-2023-avec-le-human-padel-open\/\" \/>\n<meta property=\"og:locale\" content=\"fr_FR\" \/>\n<meta property=\"og:type\" content=\"article\" \/>\n<meta property=\"og:title\" content=\"Le WPT de retour \u00e0 Toulouse en 2023 avec le Human Padel Open - Padel Reference\" \/>\n<meta property=\"og:description\" content=\"L\u2019agence de marketing sportif cr\u00e9\u00e9e par les l\u00e9gendes du sport Fran\u00e7ais Teddy Riner et Tony Parker a annonc\u00e9 la 2eme \u00e9dition du Human Padel Open. Cette nouvelle \u00e9dition aura lieu du 12 au 18 juin 2023 \u00e0 Toulouse. Le Human Padel Open tient son nom du sponsor principal du tournoi WPT, qui est l\u2019agence immobili\u00e8re [&hellip;]\" \/>\n<meta property=\"og:url\" content=\"https:\/\/www.padelreference.com\/blog\/le-wpt-de-retour-a-toulouse-en-2023-avec-le-human-padel-open\/\" \/>\n<meta property=\"og:site_name\" content=\"Padel Reference\" \/>\n<meta property=\"article:published_time\" content=\"2023-01-30T12:28:22+00:00\" \/>\n<meta property=\"og:image\" content=\"https:\/\/www.padelreference.com\/blog\/wp-content\/uploads\/2023\/01\/WTP-TOULOUSE.jpg\" \/>\n\t<meta property=\"og:image:width\" content=\"1280\" \/>\n\t<meta property=\"og:image:height\" content=\"720\" \/>\n\t<meta property=\"og:image:type\" content=\"image\/jpeg\" \/>\n<meta name=\"author\" content=\"Admin Padel Reference\" \/>\n<meta name=\"twitter:card\" content=\"summary_large_image\" \/>\n<meta name=\"twitter:label1\" content=\"\u00c9crit par\" \/>\n\t<meta name=\"twitter:data1\" content=\"Admin Padel Reference\" \/>\n\t<meta name=\"twitter:label2\" content=\"Dur\u00e9e de lecture estim\u00e9e\" \/>\n\t<meta name=\"twitter:data2\" content=\"2 minutes\" \/>\n<script type=\"application\/ld+json\" class=\"yoast-schema-graph\">{\"@context\":\"https:\/\/schema.org\",\"@graph\":[{\"@type\":\"WebPage\",\"@id\":\"https:\/\/www.padelreference.com\/blog\/le-wpt-de-retour-a-toulouse-en-2023-avec-le-human-padel-open\/\",\"url\":\"https:\/\/www.padelreference.com\/blog\/le-wpt-de-retour-a-toulouse-en-2023-avec-le-human-padel-open\/\",\"name\":\"Le WPT de retour \u00e0 Toulouse en 2023 avec le Human Padel Open - Padel Reference\",\"isPartOf\":{\"@id\":\"https:\/\/www.padelreference.com\/blog\/#website\"},\"primaryImageOfPage\":{\"@id\":\"https:\/\/www.padelreference.com\/blog\/le-wpt-de-retour-a-toulouse-en-2023-avec-le-human-padel-open\/#primaryimage\"},\"image\":{\"@id\":\"https:\/\/www.padelreference.com\/blog\/le-wpt-de-retour-a-toulouse-en-2023-avec-le-human-padel-open\/#primaryimage\"},\"thumbnailUrl\":\"https:\/\/www.padelreference.com\/blog\/wp-content\/uploads\/2023\/01\/WTP-TOULOUSE.jpg\",\"datePublished\":\"2023-01-30T12:28:22+00:00\",\"dateModified\":\"2023-01-30T12:28:22+00:00\",\"author\":{\"@id\":\"https:\/\/www.padelreference.com\/blog\/#\/schema\/person\/d84774930853ed810e674aba522cd8d0\"},\"breadcrumb\":{\"@id\":\"https:\/\/www.padelreference.com\/blog\/le-wpt-de-retour-a-toulouse-en-2023-avec-le-human-padel-open\/#breadcrumb\"},\"inLanguage\":\"fr-FR\",\"potentialAction\":[{\"@type\":\"ReadAction\",\"target\":[\"https:\/\/www.padelreference.com\/blog\/le-wpt-de-retour-a-toulouse-en-2023-avec-le-human-padel-open\/\"]}]},{\"@type\":\"ImageObject\",\"inLanguage\":\"fr-FR\",\"@id\":\"https:\/\/www.padelreference.com\/blog\/le-wpt-de-retour-a-toulouse-en-2023-avec-le-human-padel-open\/#primaryimage\",\"url\":\"https:\/\/www.padelreference.com\/blog\/wp-content\/uploads\/2023\/01\/WTP-TOULOUSE.jpg\",\"contentUrl\":\"https:\/\/www.padelreference.com\/blog\/wp-content\/uploads\/2023\/01\/WTP-TOULOUSE.jpg\",\"width\":1280,\"height\":720},{\"@type\":\"BreadcrumbList\",\"@id\":\"https:\/\/www.padelreference.com\/blog\/le-wpt-de-retour-a-toulouse-en-2023-avec-le-human-padel-open\/#breadcrumb\",\"itemListElement\":[{\"@type\":\"ListItem\",\"position\":1,\"name\":\"Accueil\",\"item\":\"https:\/\/www.padelreference.com\/blog\/\"},{\"@type\":\"ListItem\",\"position\":2,\"name\":\"Le WPT de retour \u00e0 Toulouse en 2023 avec le Human Padel Open\"}]},{\"@type\":\"WebSite\",\"@id\":\"https:\/\/www.padelreference.com\/blog\/#website\",\"url\":\"https:\/\/www.padelreference.com\/blog\/\",\"name\":\"Padel Reference\",\"description\":\"Le Blog 100%\",\"potentialAction\":[{\"@type\":\"SearchAction\",\"target\":{\"@type\":\"EntryPoint\",\"urlTemplate\":\"https:\/\/www.padelreference.com\/blog\/?s={search_term_string}\"},\"query-input\":\"required name=search_term_string\"}],\"inLanguage\":\"fr-FR\"},{\"@type\":\"Person\",\"@id\":\"https:\/\/www.padelreference.com\/blog\/#\/schema\/person\/d84774930853ed810e674aba522cd8d0\",\"name\":\"Admin Padel Reference\",\"image\":{\"@type\":\"ImageObject\",\"inLanguage\":\"fr-FR\",\"@id\":\"https:\/\/www.padelreference.com\/blog\/#\/schema\/person\/image\/\",\"url\":\"https:\/\/secure.gravatar.com\/avatar\/fbc11dfe99504ebf8abdb52c4e873060?s=96&d=monsterid&r=g\",\"contentUrl\":\"https:\/\/secure.gravatar.com\/avatar\/fbc11dfe99504ebf8abdb52c4e873060?s=96&d=monsterid&r=g\",\"caption\":\"Admin Padel Reference\"},\"url\":\"https:\/\/www.padelreference.com\/blog\/author\/admin-padel-reference\/\"}]}<\/script>\n<!-- \/ Yoast SEO plugin. -->","yoast_head_json":{"title":"Le WPT de retour \u00e0 Toulouse en 2023 avec le Human Padel Open - Padel Reference","robots":{"index":"index","follow":"follow","max-snippet":"max-snippet:-1","max-image-preview":"max-image-preview:large","max-video-preview":"max-video-preview:-1"},"canonical":"https:\/\/www.padelreference.com\/blog\/le-wpt-de-retour-a-toulouse-en-2023-avec-le-human-padel-open\/","og_locale":"fr_FR","og_type":"article","og_title":"Le WPT de retour \u00e0 Toulouse en 2023 avec le Human Padel Open - Padel Reference","og_description":"L\u2019agence de marketing sportif cr\u00e9\u00e9e par les l\u00e9gendes du sport Fran\u00e7ais Teddy Riner et Tony Parker a annonc\u00e9 la 2eme \u00e9dition du Human Padel Open. Cette nouvelle \u00e9dition aura lieu du 12 au 18 juin 2023 \u00e0 Toulouse. Le Human Padel Open tient son nom du sponsor principal du tournoi WPT, qui est l\u2019agence immobili\u00e8re [&hellip;]","og_url":"https:\/\/www.padelreference.com\/blog\/le-wpt-de-retour-a-toulouse-en-2023-avec-le-human-padel-open\/","og_site_name":"Padel Reference","article_published_time":"2023-01-30T12:28:22+00:00","og_image":[{"width":1280,"height":720,"url":"https:\/\/www.padelreference.com\/blog\/wp-content\/uploads\/2023\/01\/WTP-TOULOUSE.jpg","type":"image\/jpeg"}],"author":"Admin Padel Reference","twitter_card":"summary_large_image","twitter_misc":{"\u00c9crit par":"Admin Padel Reference","Dur\u00e9e de lecture estim\u00e9e":"2 minutes"},"schema":{"@context":"https:\/\/schema.org","@graph":[{"@type":"WebPage","@id":"https:\/\/www.padelreference.com\/blog\/le-wpt-de-retour-a-toulouse-en-2023-avec-le-human-padel-open\/","url":"https:\/\/www.padelreference.com\/blog\/le-wpt-de-retour-a-toulouse-en-2023-avec-le-human-padel-open\/","name":"Le WPT de retour \u00e0 Toulouse en 2023 avec le Human Padel Open - Padel Reference","isPartOf":{"@id":"https:\/\/www.padelreference.com\/blog\/#website"},"primaryImageOfPage":{"@id":"https:\/\/www.padelreference.com\/blog\/le-wpt-de-retour-a-toulouse-en-2023-avec-le-human-padel-open\/#primaryimage"},"image":{"@id":"https:\/\/www.padelreference.com\/blog\/le-wpt-de-retour-a-toulouse-en-2023-avec-le-human-padel-open\/#primaryimage"},"thumbnailUrl":"https:\/\/www.padelreference.com\/blog\/wp-content\/uploads\/2023\/01\/WTP-TOULOUSE.jpg","datePublished":"2023-01-30T12:28:22+00:00","dateModified":"2023-01-30T12:28:22+00:00","author":{"@id":"https:\/\/www.padelreference.com\/blog\/#\/schema\/person\/d84774930853ed810e674aba522cd8d0"},"breadcrumb":{"@id":"https:\/\/www.padelreference.com\/blog\/le-wpt-de-retour-a-toulouse-en-2023-avec-le-human-padel-open\/#breadcrumb"},"inLanguage":"fr-FR","potentialAction":[{"@type":"ReadAction","target":["https:\/\/www.padelreference.com\/blog\/le-wpt-de-retour-a-toulouse-en-2023-avec-le-human-padel-open\/"]}]},{"@type":"ImageObject","inLanguage":"fr-FR","@id":"https:\/\/www.padelreference.com\/blog\/le-wpt-de-retour-a-toulouse-en-2023-avec-le-human-padel-open\/#primaryimage","url":"https:\/\/www.padelreference.com\/blog\/wp-content\/uploads\/2023\/01\/WTP-TOULOUSE.jpg","contentUrl":"https:\/\/www.padelreference.com\/blog\/wp-content\/uploads\/2023\/01\/WTP-TOULOUSE.jpg","width":1280,"height":720},{"@type":"BreadcrumbList","@id":"https:\/\/www.padelreference.com\/blog\/le-wpt-de-retour-a-toulouse-en-2023-avec-le-human-padel-open\/#breadcrumb","itemListElement":[{"@type":"ListItem","position":1,"name":"Accueil","item":"https:\/\/www.padelreference.com\/blog\/"},{"@type":"ListItem","position":2,"name":"Le WPT de retour \u00e0 Toulouse en 2023 avec le Human Padel Open"}]},{"@type":"WebSite","@id":"https:\/\/www.padelreference.com\/blog\/#website","url":"https:\/\/www.padelreference.com\/blog\/","name":"Padel Reference","description":"Le Blog 100%","potentialAction":[{"@type":"SearchAction","target":{"@type":"EntryPoint","urlTemplate":"https:\/\/www.padelreference.com\/blog\/?s={search_term_string}"},"query-input":"required name=search_term_string"}],"inLanguage":"fr-FR"},{"@type":"Person","@id":"https:\/\/www.padelreference.com\/blog\/#\/schema\/person\/d84774930853ed810e674aba522cd8d0","name":"Admin Padel Reference","image":{"@type":"ImageObject","inLanguage":"fr-FR","@id":"https:\/\/www.padelreference.com\/blog\/#\/schema\/person\/image\/","url":"https:\/\/secure.gravatar.com\/avatar\/fbc11dfe99504ebf8abdb52c4e873060?s=96&d=monsterid&r=g","contentUrl":"https:\/\/secure.gravatar.com\/avatar\/fbc11dfe99504ebf8abdb52c4e873060?s=96&d=monsterid&r=g","caption":"Admin Padel Reference"},"url":"https:\/\/www.padelreference.com\/blog\/author\/admin-padel-reference\/"}]}},"_links":{"self":[{"href":"https:\/\/www.padelreference.com\/blog\/wp-json\/wp\/v2\/posts\/1632"}],"collection":[{"href":"https:\/\/www.padelreference.com\/blog\/wp-json\/wp\/v2\/posts"}],"about":[{"href":"https:\/\/www.padelreference.com\/blog\/wp-json\/wp\/v2\/types\/post"}],"author":[{"embeddable":true,"href":"https:\/\/www.padelreference.com\/blog\/wp-json\/wp\/v2\/users\/2"}],"replies":[{"embeddable":true,"href":"https:\/\/www.padelreference.com\/blog\/wp-json\/wp\/v2\/comments?post=1632"}],"version-history":[{"count":0,"href":"https:\/\/www.padelreference.com\/blog\/wp-json\/wp\/v2\/posts\/1632\/revisions"}],"wp:featuredmedia":[{"embeddable":true,"href":"https:\/\/www.padelreference.com\/blog\/wp-json\/wp\/v2\/media\/1636"}],"wp:attachment":[{"href":"https:\/\/www.padelreference.com\/blog\/wp-json\/wp\/v2\/media?parent=1632"}],"wp:term":[{"taxonomy":"category","embeddable":true,"href":"https:\/\/www.padelreference.com\/blog\/wp-json\/wp\/v2\/categories?post=1632"},{"taxonomy":"post_tag","embeddable":true,"href":"https:\/\/www.padelreference.com\/blog\/wp-json\/wp\/v2\/tags?post=1632"}],"curies":[{"name":"wp","href":"https:\/\/api.w.org\/{rel}","templated":true}]}}