{"id":1742,"date":"2023-07-17T09:53:54","date_gmt":"2023-07-17T07:53:54","guid":{"rendered":"https:\/\/www.padelreference.com\/blog\/?p=1742"},"modified":"2023-07-17T09:53:54","modified_gmt":"2023-07-17T07:53:54","slug":"le-premier-padel-paris-major-les-meilleurs-joueurs-de-la-planete-se-retrouvent-du-4-au-10-septembre-a-paris","status":"publish","type":"post","link":"https:\/\/www.padelreference.com\/blog\/le-premier-padel-paris-major-les-meilleurs-joueurs-de-la-planete-se-retrouvent-du-4-au-10-septembre-a-paris\/","title":{"rendered":"Le Premier Padel Paris Major : Les meilleurs joueurs de la plan\u00e8te se retrouvent du 4 au 10 septembre \u00e0 Paris !"},"content":{"rendered":"<div id=\"ez-toc-container\" class=\"ez-toc-v2_0_69_1 ez-toc-wrap-left counter-hierarchy ez-toc-counter ez-toc-custom ez-toc-container-direction\">\n<div class=\"ez-toc-title-container\"><p class=\"ez-toc-title\" style=\"cursor:inherit\">Au programme<\/p>\n<\/div><nav><ul class='ez-toc-list ez-toc-list-level-1 ' ><li class='ez-toc-page-1 ez-toc-heading-level-2'><a class=\"ez-toc-link ez-toc-heading-1\" href=\"https:\/\/www.padelreference.com\/blog\/le-premier-padel-paris-major-les-meilleurs-joueurs-de-la-planete-se-retrouvent-du-4-au-10-septembre-a-paris\/#un-evenement-de-renommee-internationale-au-coeur-de-la-capitale\" title=\"Un \u00e9v\u00e9nement de renomm\u00e9e internationale au c\u0153ur de la capitale\">Un \u00e9v\u00e9nement de renomm\u00e9e internationale au c\u0153ur de la capitale<\/a><\/li><li class='ez-toc-page-1 ez-toc-heading-level-2'><a class=\"ez-toc-link ez-toc-heading-2\" href=\"https:\/\/www.padelreference.com\/blog\/le-premier-padel-paris-major-les-meilleurs-joueurs-de-la-planete-se-retrouvent-du-4-au-10-septembre-a-paris\/#le-retour-tant-attendu-du-padel-a-paris\" title=\"Le retour tant attendu du Padel \u00e0 Paris\">Le retour tant attendu du Padel \u00e0 Paris<\/a><\/li><li class='ez-toc-page-1 ez-toc-heading-level-2'><a class=\"ez-toc-link ez-toc-heading-3\" href=\"https:\/\/www.padelreference.com\/blog\/le-premier-padel-paris-major-les-meilleurs-joueurs-de-la-planete-se-retrouvent-du-4-au-10-septembre-a-paris\/#une-competition-dexception-dans-la-capitale-de-la-mode\" title=\"Une comp\u00e9tition d&rsquo;exception dans la capitale de la mode\">Une comp\u00e9tition d&rsquo;exception dans la capitale de la mode<\/a><\/li><li class='ez-toc-page-1 ez-toc-heading-level-2'><a class=\"ez-toc-link ez-toc-heading-4\" href=\"https:\/\/www.padelreference.com\/blog\/le-premier-padel-paris-major-les-meilleurs-joueurs-de-la-planete-se-retrouvent-du-4-au-10-septembre-a-paris\/#une-semaine-de-padel-intense-et-spectaculaire\" title=\"Une semaine de Padel intense et spectaculaire\">Une semaine de Padel intense et spectaculaire<\/a><\/li><\/ul><\/nav><\/div>\n<h2><span class=\"ez-toc-section\" id=\"un-evenement-de-renommee-internationale-au-coeur-de-la-capitale\"><\/span><strong>Un \u00e9v\u00e9nement de renomm\u00e9e internationale au c\u0153ur de la capitale<\/strong><span class=\"ez-toc-section-end\"><\/span><\/h2>\n<p>Du 4 au 10 septembre prochains, les passionn\u00e9s de Padel auront l&rsquo;occasion de vivre un moment inoubliable avec le Premier Padel Paris Major. Cet \u00e9v\u00e9nement de renomm\u00e9e internationale r\u00e9unira les meilleurs joueurs de la plan\u00e8te dans la capitale fran\u00e7aise pour une semaine de comp\u00e9tition intense.<\/p>\n<p>&nbsp;<\/p>\n<h2><span class=\"ez-toc-section\" id=\"le-retour-tant-attendu-du-padel-a-paris\"><\/span><strong>Le retour tant attendu du Padel \u00e0 Paris<\/strong><span class=\"ez-toc-section-end\"><\/span><\/h2>\n<p>Apr\u00e8s une longue attente, le Padel fait son grand retour \u00e0 Paris avec le Premier Padel Paris Major. Les fans auront la chance de voir s&rsquo;affronter les plus grands talents du Padel, qui rivaliseront d&rsquo;habilet\u00e9, de puissance et de strat\u00e9gie sur les courts parisiens. Cet \u00e9v\u00e9nement marque une \u00e9tape importante pour le d\u00e9veloppement du Padel en France et ravira tous les amateurs de ce sport en plein essor.<\/p>\n<p>&nbsp;<\/p>\n<h2><span class=\"ez-toc-section\" id=\"une-competition-dexception-dans-la-capitale-de-la-mode\"><\/span><strong>Une comp\u00e9tition d&rsquo;exception dans la capitale de la mode<\/strong><span class=\"ez-toc-section-end\"><\/span><\/h2>\n<p>Le Premier Padel Paris Major se d\u00e9roulera dans l&rsquo;un des endroits les plus embl\u00e9matiques de Paris, offrant une atmosph\u00e8re unique. La capitale de la mode et du style devient le th\u00e9\u00e2tre de performances sportives exceptionnelles, o\u00f9 les joueurs de Padel d\u00e9montreront tout leur talent et leur passion pour ce sport. Les spectateurs auront le privil\u00e8ge de vivre des rencontres palpitantes et de ressentir l&rsquo;\u00e9nergie \u00e9lectrisante de cette comp\u00e9tition de haut niveau.<\/p>\n<p>&nbsp;<\/p>\n<h2><span class=\"ez-toc-section\" id=\"une-semaine-de-padel-intense-et-spectaculaire\"><\/span><strong>Une semaine de Padel intense et spectaculaire<\/strong><span class=\"ez-toc-section-end\"><\/span><\/h2>\n<p>Du 4 au 10 septembre, pr\u00e9parez-vous \u00e0 une semaine de Padel intense et spectaculaire. Les meilleurs joueurs du monde rivaliseront pour remporter le Premier Padel Paris Major, offrant des \u00e9changes d&rsquo;une intensit\u00e9 rare, des smashs puissants et des strat\u00e9gies tactiques \u00e9poustouflantes. Les spectateurs auront l&rsquo;occasion de vivre chaque moment fort de cette comp\u00e9tition et de soutenir leurs joueurs pr\u00e9f\u00e9r\u00e9s.<\/p>\n<p>&nbsp;<\/p>\n<p>&nbsp;<\/p>\n<p>Le Premier Padel Paris Major est l&rsquo;\u00e9v\u00e9nement \u00e0 ne pas manquer pour tous les passionn\u00e9s de Padel. Du 4 au 10 septembre, les meilleurs joueurs de la plan\u00e8te se retrouveront dans la capitale fran\u00e7aise pour une comp\u00e9tition de haut niveau. R\u00e9servez d\u00e8s maintenant vos places pour assister \u00e0 ce spectacle sportif extraordinaire, o\u00f9 le Padel sera \u00e0 l&rsquo;honneur. Soyez pr\u00eats \u00e0 vivre une semaine inoubliable de performances exceptionnelles, d&rsquo;\u00e9motions fortes et de moments de Padel captivants.<\/p>\n","protected":false},"excerpt":{"rendered":"<p>Un \u00e9v\u00e9nement de renomm\u00e9e internationale au c\u0153ur de la capitale Du 4 au 10 septembre prochains, les passionn\u00e9s de Padel auront l&rsquo;occasion de vivre un moment inoubliable avec le Premier Padel Paris Major. Cet \u00e9v\u00e9nement de renomm\u00e9e internationale r\u00e9unira les meilleurs joueurs de la plan\u00e8te dans la capitale fran\u00e7aise pour une semaine de comp\u00e9tition intense. [&hellip;]<\/p>\n","protected":false},"author":2,"featured_media":1761,"comment_status":"open","ping_status":"open","sticky":false,"template":"","format":"standard","meta":{"footnotes":""},"categories":[52,56],"tags":[],"class_list":["post-1742","post","type-post","status-publish","format-standard","has-post-thumbnail","hentry","category-competitions","category-premier-padel"],"yoast_head":"<!-- This site is optimized with the Yoast SEO plugin v23.1 - https:\/\/yoast.com\/wordpress\/plugins\/seo\/ -->\n<title>Le Premier Padel Paris Major : Les meilleurs joueurs de la plan\u00e8te se retrouvent du 4 au 10 septembre \u00e0 Paris ! - Padel Reference<\/title>\n<meta name=\"robots\" content=\"index, follow, max-snippet:-1, max-image-preview:large, max-video-preview:-1\" \/>\n<link rel=\"canonical\" href=\"https:\/\/www.padelreference.com\/blog\/le-premier-padel-paris-major-les-meilleurs-joueurs-de-la-planete-se-retrouvent-du-4-au-10-septembre-a-paris\/\" \/>\n<meta property=\"og:locale\" content=\"fr_FR\" \/>\n<meta property=\"og:type\" content=\"article\" \/>\n<meta property=\"og:title\" content=\"Le Premier Padel Paris Major : Les meilleurs joueurs de la plan\u00e8te se retrouvent du 4 au 10 septembre \u00e0 Paris ! - Padel Reference\" \/>\n<meta property=\"og:description\" content=\"Un \u00e9v\u00e9nement de renomm\u00e9e internationale au c\u0153ur de la capitale Du 4 au 10 septembre prochains, les passionn\u00e9s de Padel auront l&rsquo;occasion de vivre un moment inoubliable avec le Premier Padel Paris Major. Cet \u00e9v\u00e9nement de renomm\u00e9e internationale r\u00e9unira les meilleurs joueurs de la plan\u00e8te dans la capitale fran\u00e7aise pour une semaine de comp\u00e9tition intense. [&hellip;]\" \/>\n<meta property=\"og:url\" content=\"https:\/\/www.padelreference.com\/blog\/le-premier-padel-paris-major-les-meilleurs-joueurs-de-la-planete-se-retrouvent-du-4-au-10-septembre-a-paris\/\" \/>\n<meta property=\"og:site_name\" content=\"Padel Reference\" \/>\n<meta property=\"article:published_time\" content=\"2023-07-17T07:53:54+00:00\" \/>\n<meta property=\"og:image\" content=\"https:\/\/www.padelreference.com\/blog\/wp-content\/uploads\/2023\/07\/premier-padel.jpg\" \/>\n\t<meta property=\"og:image:width\" content=\"1024\" \/>\n\t<meta property=\"og:image:height\" content=\"768\" \/>\n\t<meta property=\"og:image:type\" content=\"image\/jpeg\" \/>\n<meta name=\"author\" content=\"Admin Padel Reference\" \/>\n<meta name=\"twitter:card\" content=\"summary_large_image\" \/>\n<meta name=\"twitter:label1\" content=\"\u00c9crit par\" \/>\n\t<meta name=\"twitter:data1\" content=\"Admin Padel Reference\" \/>\n\t<meta name=\"twitter:label2\" content=\"Dur\u00e9e de lecture estim\u00e9e\" \/>\n\t<meta name=\"twitter:data2\" content=\"2 minutes\" \/>\n<script type=\"application\/ld+json\" class=\"yoast-schema-graph\">{\"@context\":\"https:\/\/schema.org\",\"@graph\":[{\"@type\":\"WebPage\",\"@id\":\"https:\/\/www.padelreference.com\/blog\/le-premier-padel-paris-major-les-meilleurs-joueurs-de-la-planete-se-retrouvent-du-4-au-10-septembre-a-paris\/\",\"url\":\"https:\/\/www.padelreference.com\/blog\/le-premier-padel-paris-major-les-meilleurs-joueurs-de-la-planete-se-retrouvent-du-4-au-10-septembre-a-paris\/\",\"name\":\"Le Premier Padel Paris Major : Les meilleurs joueurs de la plan\u00e8te se retrouvent du 4 au 10 septembre \u00e0 Paris ! - Padel Reference\",\"isPartOf\":{\"@id\":\"https:\/\/www.padelreference.com\/blog\/#website\"},\"primaryImageOfPage\":{\"@id\":\"https:\/\/www.padelreference.com\/blog\/le-premier-padel-paris-major-les-meilleurs-joueurs-de-la-planete-se-retrouvent-du-4-au-10-septembre-a-paris\/#primaryimage\"},\"image\":{\"@id\":\"https:\/\/www.padelreference.com\/blog\/le-premier-padel-paris-major-les-meilleurs-joueurs-de-la-planete-se-retrouvent-du-4-au-10-septembre-a-paris\/#primaryimage\"},\"thumbnailUrl\":\"https:\/\/www.padelreference.com\/blog\/wp-content\/uploads\/2023\/07\/premier-padel.jpg\",\"datePublished\":\"2023-07-17T07:53:54+00:00\",\"dateModified\":\"2023-07-17T07:53:54+00:00\",\"author\":{\"@id\":\"https:\/\/www.padelreference.com\/blog\/#\/schema\/person\/d84774930853ed810e674aba522cd8d0\"},\"breadcrumb\":{\"@id\":\"https:\/\/www.padelreference.com\/blog\/le-premier-padel-paris-major-les-meilleurs-joueurs-de-la-planete-se-retrouvent-du-4-au-10-septembre-a-paris\/#breadcrumb\"},\"inLanguage\":\"fr-FR\",\"potentialAction\":[{\"@type\":\"ReadAction\",\"target\":[\"https:\/\/www.padelreference.com\/blog\/le-premier-padel-paris-major-les-meilleurs-joueurs-de-la-planete-se-retrouvent-du-4-au-10-septembre-a-paris\/\"]}]},{\"@type\":\"ImageObject\",\"inLanguage\":\"fr-FR\",\"@id\":\"https:\/\/www.padelreference.com\/blog\/le-premier-padel-paris-major-les-meilleurs-joueurs-de-la-planete-se-retrouvent-du-4-au-10-septembre-a-paris\/#primaryimage\",\"url\":\"https:\/\/www.padelreference.com\/blog\/wp-content\/uploads\/2023\/07\/premier-padel.jpg\",\"contentUrl\":\"https:\/\/www.padelreference.com\/blog\/wp-content\/uploads\/2023\/07\/premier-padel.jpg\",\"width\":1024,\"height\":768},{\"@type\":\"BreadcrumbList\",\"@id\":\"https:\/\/www.padelreference.com\/blog\/le-premier-padel-paris-major-les-meilleurs-joueurs-de-la-planete-se-retrouvent-du-4-au-10-septembre-a-paris\/#breadcrumb\",\"itemListElement\":[{\"@type\":\"ListItem\",\"position\":1,\"name\":\"Accueil\",\"item\":\"https:\/\/www.padelreference.com\/blog\/\"},{\"@type\":\"ListItem\",\"position\":2,\"name\":\"Le Premier Padel Paris Major : Les meilleurs joueurs de la plan\u00e8te se retrouvent du 4 au 10 septembre \u00e0 Paris !\"}]},{\"@type\":\"WebSite\",\"@id\":\"https:\/\/www.padelreference.com\/blog\/#website\",\"url\":\"https:\/\/www.padelreference.com\/blog\/\",\"name\":\"Padel Reference\",\"description\":\"Le Blog 100%\",\"potentialAction\":[{\"@type\":\"SearchAction\",\"target\":{\"@type\":\"EntryPoint\",\"urlTemplate\":\"https:\/\/www.padelreference.com\/blog\/?s={search_term_string}\"},\"query-input\":\"required name=search_term_string\"}],\"inLanguage\":\"fr-FR\"},{\"@type\":\"Person\",\"@id\":\"https:\/\/www.padelreference.com\/blog\/#\/schema\/person\/d84774930853ed810e674aba522cd8d0\",\"name\":\"Admin Padel Reference\",\"image\":{\"@type\":\"ImageObject\",\"inLanguage\":\"fr-FR\",\"@id\":\"https:\/\/www.padelreference.com\/blog\/#\/schema\/person\/image\/\",\"url\":\"https:\/\/secure.gravatar.com\/avatar\/fbc11dfe99504ebf8abdb52c4e873060?s=96&d=monsterid&r=g\",\"contentUrl\":\"https:\/\/secure.gravatar.com\/avatar\/fbc11dfe99504ebf8abdb52c4e873060?s=96&d=monsterid&r=g\",\"caption\":\"Admin Padel Reference\"},\"url\":\"https:\/\/www.padelreference.com\/blog\/author\/admin-padel-reference\/\"}]}<\/script>\n<!-- \/ Yoast SEO plugin. -->","yoast_head_json":{"title":"Le Premier Padel Paris Major : Les meilleurs joueurs de la plan\u00e8te se retrouvent du 4 au 10 septembre \u00e0 Paris ! - Padel Reference","robots":{"index":"index","follow":"follow","max-snippet":"max-snippet:-1","max-image-preview":"max-image-preview:large","max-video-preview":"max-video-preview:-1"},"canonical":"https:\/\/www.padelreference.com\/blog\/le-premier-padel-paris-major-les-meilleurs-joueurs-de-la-planete-se-retrouvent-du-4-au-10-septembre-a-paris\/","og_locale":"fr_FR","og_type":"article","og_title":"Le Premier Padel Paris Major : Les meilleurs joueurs de la plan\u00e8te se retrouvent du 4 au 10 septembre \u00e0 Paris ! - Padel Reference","og_description":"Un \u00e9v\u00e9nement de renomm\u00e9e internationale au c\u0153ur de la capitale Du 4 au 10 septembre prochains, les passionn\u00e9s de Padel auront l&rsquo;occasion de vivre un moment inoubliable avec le Premier Padel Paris Major. Cet \u00e9v\u00e9nement de renomm\u00e9e internationale r\u00e9unira les meilleurs joueurs de la plan\u00e8te dans la capitale fran\u00e7aise pour une semaine de comp\u00e9tition intense. [&hellip;]","og_url":"https:\/\/www.padelreference.com\/blog\/le-premier-padel-paris-major-les-meilleurs-joueurs-de-la-planete-se-retrouvent-du-4-au-10-septembre-a-paris\/","og_site_name":"Padel Reference","article_published_time":"2023-07-17T07:53:54+00:00","og_image":[{"width":1024,"height":768,"url":"https:\/\/www.padelreference.com\/blog\/wp-content\/uploads\/2023\/07\/premier-padel.jpg","type":"image\/jpeg"}],"author":"Admin Padel Reference","twitter_card":"summary_large_image","twitter_misc":{"\u00c9crit par":"Admin Padel Reference","Dur\u00e9e de lecture estim\u00e9e":"2 minutes"},"schema":{"@context":"https:\/\/schema.org","@graph":[{"@type":"WebPage","@id":"https:\/\/www.padelreference.com\/blog\/le-premier-padel-paris-major-les-meilleurs-joueurs-de-la-planete-se-retrouvent-du-4-au-10-septembre-a-paris\/","url":"https:\/\/www.padelreference.com\/blog\/le-premier-padel-paris-major-les-meilleurs-joueurs-de-la-planete-se-retrouvent-du-4-au-10-septembre-a-paris\/","name":"Le Premier Padel Paris Major : Les meilleurs joueurs de la plan\u00e8te se retrouvent du 4 au 10 septembre \u00e0 Paris ! - Padel Reference","isPartOf":{"@id":"https:\/\/www.padelreference.com\/blog\/#website"},"primaryImageOfPage":{"@id":"https:\/\/www.padelreference.com\/blog\/le-premier-padel-paris-major-les-meilleurs-joueurs-de-la-planete-se-retrouvent-du-4-au-10-septembre-a-paris\/#primaryimage"},"image":{"@id":"https:\/\/www.padelreference.com\/blog\/le-premier-padel-paris-major-les-meilleurs-joueurs-de-la-planete-se-retrouvent-du-4-au-10-septembre-a-paris\/#primaryimage"},"thumbnailUrl":"https:\/\/www.padelreference.com\/blog\/wp-content\/uploads\/2023\/07\/premier-padel.jpg","datePublished":"2023-07-17T07:53:54+00:00","dateModified":"2023-07-17T07:53:54+00:00","author":{"@id":"https:\/\/www.padelreference.com\/blog\/#\/schema\/person\/d84774930853ed810e674aba522cd8d0"},"breadcrumb":{"@id":"https:\/\/www.padelreference.com\/blog\/le-premier-padel-paris-major-les-meilleurs-joueurs-de-la-planete-se-retrouvent-du-4-au-10-septembre-a-paris\/#breadcrumb"},"inLanguage":"fr-FR","potentialAction":[{"@type":"ReadAction","target":["https:\/\/www.padelreference.com\/blog\/le-premier-padel-paris-major-les-meilleurs-joueurs-de-la-planete-se-retrouvent-du-4-au-10-septembre-a-paris\/"]}]},{"@type":"ImageObject","inLanguage":"fr-FR","@id":"https:\/\/www.padelreference.com\/blog\/le-premier-padel-paris-major-les-meilleurs-joueurs-de-la-planete-se-retrouvent-du-4-au-10-septembre-a-paris\/#primaryimage","url":"https:\/\/www.padelreference.com\/blog\/wp-content\/uploads\/2023\/07\/premier-padel.jpg","contentUrl":"https:\/\/www.padelreference.com\/blog\/wp-content\/uploads\/2023\/07\/premier-padel.jpg","width":1024,"height":768},{"@type":"BreadcrumbList","@id":"https:\/\/www.padelreference.com\/blog\/le-premier-padel-paris-major-les-meilleurs-joueurs-de-la-planete-se-retrouvent-du-4-au-10-septembre-a-paris\/#breadcrumb","itemListElement":[{"@type":"ListItem","position":1,"name":"Accueil","item":"https:\/\/www.padelreference.com\/blog\/"},{"@type":"ListItem","position":2,"name":"Le Premier Padel Paris Major : Les meilleurs joueurs de la plan\u00e8te se retrouvent du 4 au 10 septembre \u00e0 Paris !"}]},{"@type":"WebSite","@id":"https:\/\/www.padelreference.com\/blog\/#website","url":"https:\/\/www.padelreference.com\/blog\/","name":"Padel Reference","description":"Le Blog 100%","potentialAction":[{"@type":"SearchAction","target":{"@type":"EntryPoint","urlTemplate":"https:\/\/www.padelreference.com\/blog\/?s={search_term_string}"},"query-input":"required name=search_term_string"}],"inLanguage":"fr-FR"},{"@type":"Person","@id":"https:\/\/www.padelreference.com\/blog\/#\/schema\/person\/d84774930853ed810e674aba522cd8d0","name":"Admin Padel Reference","image":{"@type":"ImageObject","inLanguage":"fr-FR","@id":"https:\/\/www.padelreference.com\/blog\/#\/schema\/person\/image\/","url":"https:\/\/secure.gravatar.com\/avatar\/fbc11dfe99504ebf8abdb52c4e873060?s=96&d=monsterid&r=g","contentUrl":"https:\/\/secure.gravatar.com\/avatar\/fbc11dfe99504ebf8abdb52c4e873060?s=96&d=monsterid&r=g","caption":"Admin Padel Reference"},"url":"https:\/\/www.padelreference.com\/blog\/author\/admin-padel-reference\/"}]}},"_links":{"self":[{"href":"https:\/\/www.padelreference.com\/blog\/wp-json\/wp\/v2\/posts\/1742"}],"collection":[{"href":"https:\/\/www.padelreference.com\/blog\/wp-json\/wp\/v2\/posts"}],"about":[{"href":"https:\/\/www.padelreference.com\/blog\/wp-json\/wp\/v2\/types\/post"}],"author":[{"embeddable":true,"href":"https:\/\/www.padelreference.com\/blog\/wp-json\/wp\/v2\/users\/2"}],"replies":[{"embeddable":true,"href":"https:\/\/www.padelreference.com\/blog\/wp-json\/wp\/v2\/comments?post=1742"}],"version-history":[{"count":0,"href":"https:\/\/www.padelreference.com\/blog\/wp-json\/wp\/v2\/posts\/1742\/revisions"}],"wp:featuredmedia":[{"embeddable":true,"href":"https:\/\/www.padelreference.com\/blog\/wp-json\/wp\/v2\/media\/1761"}],"wp:attachment":[{"href":"https:\/\/www.padelreference.com\/blog\/wp-json\/wp\/v2\/media?parent=1742"}],"wp:term":[{"taxonomy":"category","embeddable":true,"href":"https:\/\/www.padelreference.com\/blog\/wp-json\/wp\/v2\/categories?post=1742"},{"taxonomy":"post_tag","embeddable":true,"href":"https:\/\/www.padelreference.com\/blog\/wp-json\/wp\/v2\/tags?post=1742"}],"curies":[{"name":"wp","href":"https:\/\/api.w.org\/{rel}","templated":true}]}}