{"id":267,"date":"2021-04-15T19:49:30","date_gmt":"2021-04-15T19:49:30","guid":{"rendered":"https:\/\/preprod.padelreference.com\/blog\/?p=267"},"modified":"2023-03-21T14:40:40","modified_gmt":"2023-03-21T12:40:40","slug":"itw-de-matthieu-armagnac","status":"publish","type":"post","link":"https:\/\/www.padelreference.com\/blog\/itw-de-matthieu-armagnac\/","title":{"rendered":"L&rsquo;\u00e9volution dans le choix d&rsquo;une Raquette de Padel &#8211; ITW de Matthieu Armagnac"},"content":{"rendered":"<p>En tant que <a href=\"https:\/\/www.padelreference.com\/fr\/\">joueur de Padel<\/a>, il est fr\u00e9quent de se poser de nombreuses questions sur son mat\u00e9riel. Quelle raquette de Padel s&rsquo;accorde le mieux \u00e0 mon jeu ? Comment puis-je tirer partie de tel ou tel point fort? Comment, \u00e0 l&rsquo;inverse, puis-je combler une carrence particuli\u00e8re? Le choix d&rsquo;un mat\u00e9riel adapt\u00e9 fait l&rsquo;objet d&rsquo;une r\u00e9flection pouss\u00e9e et souvent perp\u00e9tuelle.<\/p>\n<p>Pour illustrer la probl\u00e9matique et nous \u00e9lciarer sur ce processus, nous avons sollicit\u00e9 Matthieu Armagnac, coach chez Padel Touch et top 30 fran\u00e7ais<\/p>\n<p>On va d\u00e9couvrir \u00e0 travers cette interview notamment que pour Matthieu le choix d&rsquo;une <a href=\"https:\/\/www.padelreference.com\/fr\/raquettes-de-padel-3\">raquette de padel<\/a> peut d&rsquo;une part combler une faiblesse dans le jeu mais est aussi tr\u00e8s personnel compte tenu des caract\u00e9ristiques sp\u00e9cifiques de chacune.<\/p>\n<p>&nbsp;<\/p>\n<h2><em>Salut Matthieu,\u00a0 revenons\u00a0 \u00e0 tes tous d\u00e9buts, avec quelle raquette as-tu commenc\u00e9 ?<\/em><\/h2>\n<p><strong>MA<\/strong> : J\u2019ai jou\u00e9 au padel pour la premi\u00e8re fois en fin d\u2019ann\u00e9e 2016 et comme beaucoup de joueurs, j\u2019ai d\u00e9but\u00e9 en utilisant la raquette de pr\u00eat du club. C\u2019\u00e9tait une <a href=\"https:\/\/www.padelreference.com\/fr\/raquettes-de-padel\/1348-raquette-head-flash-pro-2022.html\">raquette Head Flash<\/a> .<\/p>\n<p>L\u2019avantage de ces raquettes de pr\u00eat, c\u2019est leur maniabilit\u00e9 avec un poids relativement faible. Id\u00e9al dans les premiers temps pour se lancer.<\/p>\n<p>&nbsp;<\/p>\n<p><img decoding=\"async\" class=\"aligncenter wp-image-394 size-medium\" src=\"https:\/\/www.padelreference.com\/blog\/wp-content\/uploads\/2021\/04\/221427920_260001265636397_391667678989987920_n-e1628087886515-300x273.jpg\" alt=\"Matthieu Armagnac\" width=\"300\" height=\"273\" srcset=\"https:\/\/www.padelreference.com\/blog\/wp-content\/uploads\/2021\/04\/221427920_260001265636397_391667678989987920_n-e1628087886515-300x273.jpg 300w, https:\/\/www.padelreference.com\/blog\/wp-content\/uploads\/2021\/04\/221427920_260001265636397_391667678989987920_n-e1628087886515.jpg 750w\" sizes=\"(max-width: 300px) 100vw, 300px\" \/><\/p>\n<p>&nbsp;<\/p>\n<h2><em>On semble comprendre que tu as rapidement chang\u00e9 ?<\/em><\/h2>\n<p>MA : Effectivement ! Compl\u00e8tement s\u00e9duit par le jeu et aid\u00e9 par mes 30 ann\u00e9es de tennis, j\u2019ai rapidement progress\u00e9 et constat\u00e9 en m\u00eame temps les limites de cette raquette : manque de prise d\u2019effets, impression de subir l\u2019impact quand la balle arrive fort en face et fragilit\u00e9 relative (je suis un joueur qui ne casse pas de raquette mais celle ci n\u2019a pas tenue l\u2019intensit\u00e9 des frappes) .<\/p>\n<p>Je suis donc pass\u00e9 \u00e0 une autre raquette la Head Delta pro 2017\/2018 (nouveaut\u00e9 ici!)<\/p>\n<p>Ma recherche \u00e0 ce moment l\u00e0 \u00e9tait simple, je voulais de la puissance. On aspire toujours \u00e0 ce que l\u2019on a pas, c\u2019est bien connu&#8230; Raquette lourde, poids en t\u00eate ! Cette raquette m\u2019a permis de r\u00e9aliser quelques Par3 (oui, oui! )<\/p>\n<p>Je suis rest\u00e9 relativement longtemps avec cette pala. En plus de sa puissance, elle offre aussi une bonne durabilit\u00e9.<\/p>\n<p>&nbsp;<\/p>\n<h2><em>Pas trop dur de changer de raquette apr\u00e8s presque 2ans de collaboration ? <\/em><\/h2>\n<p>Non, pas tant que \u00e7\u00e0. Bien s\u00fbr, lors des premiers entra\u00eenements les sensations changent mais c\u2019est aussi \u00e7\u00e0 qui fait du bien. Comme il est bon de parfois tenter quelques parties avec d\u2019autres partenaires, il est bon de changer de raquette pour faire \u00e9voluer son jeu, trouver un nouveau souffle, booster son enthousiasme \u00e0 venir s\u2019entra\u00eener.<\/p>\n<p>Je suis pass\u00e9 avec la <a href=\"https:\/\/www.padelreference.com\/fr\/raquettes-de-padel\/201-graphene-360-delta-hybrid.html\">Head Graph\u00e8ne 360 Alpha Pro<\/a>\u00a0 2019 qui offrait l\u2019avantage d\u2019\u00eatre puissante mais plus dans le contr\u00f4le que la Delta Pro, plus polyvalente. J\u2019ai ressenti une capacit\u00e9 \u00e0 mettre plus d\u2019effets dans mes coups. Ce qui va dans la philosophie du Padel\u00a0 que j\u2019aime : ralentir, neutraliser, jouer juste.<\/p>\n<p>&nbsp;<\/p>\n<h2><em>On note que tu nous parles que de raquettes Head, tu connais d\u2019autres marques ?<\/em><\/h2>\n<p>Haha&#8230;\u00a0 Oui bien \u00e9videmment, je connais d\u2019autres marques et de fa\u00e7on ponctuelle pour tester j\u2019ai pu jouer un peu avec toutes les marques(ou presque). Le choix est large et il y a de quoi faire ici \u00e0 Padel Touch avec ce magnifique mur de raquettes !<\/p>\n<p>Ta question me permet d\u2019\u00e9voquer un point important selon moi dans le choix de sa raquette. Bien s\u00fbr,\u00a0 on doit s\u2019orienter gr\u00e2ce aux caract\u00e9ristiques\u00a0 telles que la forme, le poids, la r\u00e9partition de poids et les mat\u00e9riaux utilis\u00e9s mais c\u2019est aussi et avant tout un choix tr\u00e8s personnel.<\/p>\n<p>Un exemple, en 2017 alors que je jouais avec la Head Delta Pro, j\u2019ai voulu passer (influenc\u00e9 par un contrat moniteur) avec la Babolat Viper.<\/p>\n<p>C\u2019est une excellente raquette, l\u2019espagnol Juan Lebron num\u00e9ro 2 mondial joue avec. Bastien Blanque, triple champion de France joue avec et bien d\u2019autres tr\u00e8s bons joueurs \u00e9galement&#8230; et bien je ne m\u2019y suis jamais adapt\u00e9 ! Il n\u2019y a pas eu de feeling entre elle et moi ahah Aucune puissance, aucun contr\u00f4le, je n\u2019ai jamais rat\u00e9 autant de vol\u00e9es que durant ces trois semaines d\u2019essai.<\/p>\n<p>&nbsp;<\/p>\n<h2><em>Aujourd\u2019hui, tu joues avec quelle raquette ?<\/em><\/h2>\n<p>Je suis actuellement sponsoris\u00e9 par la marque Head et je joue avec la <a href=\"https:\/\/www.padelreference.com\/fr\/raquettes-de-padel\/465-head-graphene-360-alpha-pro.html\">Head Graph\u00e8ne 360 Alpha Motion<\/a>.<\/p>\n<p>C\u2019est la version un peu plus l\u00e9g\u00e8re de la Head Alpha Pro. L\u2019explication de ce changement vient en partie du fait qu\u2019avec le nombre d\u2019heures \u00e9lev\u00e9 que je passe sur la piste (\u00e0 entra\u00eener et \u00e0 m\u2019entra\u00eener), je ressentais une certaine fatigue s\u2019installer sur mon bras et quelques douleurs naissantes. Les quelques grammes de moins m\u2019apportent encore plus de maniabilit\u00e9 et moins d\u2019endolorissements.<\/p>\n<p>En terme de performance, j\u2019ai l\u2019impression d\u2019avoir toujours les caract\u00e9ristiques de ce qui fait des Head Alpha de bonnes raquettes polyvalentes (puissance et contr\u00f4le).<\/p>\n<p>J\u2019ai bien \u00e9videmment perdu en puissance mais je laisse cette partie \u00e0 mon partenaire. Le padel se joue \u00e0 deux et une paire performante c\u2019est avant tout une paire compl\u00e9mentaire !<\/p>\n<p>&nbsp;<\/p>\n<h2><em>PT : Un dernier conseil pour nos lecteurs dans le choix de la bonne raquette ?<\/em><\/h2>\n<p>Je le r\u00e9p\u00e8te mais c\u2019est essentiel je pense, vous \u00eates \u00e0 la recherche de LA bonne raquette pour VOUS.<\/p>\n<p>Pour ce choix personnel, plusieurs \u00e9tapes :<\/p>\n<ul>\n<li>R\u00e9fl\u00e9chir \u00e0 ce que vous voulez que votre raquette vous apporte dans le jeu en fonction de votre niveau, de votre style, de vos forces et de vos faiblesses&#8230;<\/li>\n<li>Se diriger vers les raquettes adapt\u00e9es gr\u00e2ce aux caract\u00e9ristiques (forme, poids, \u00e9quilibre, style, prix&#8230;) et aussi \u00e0 l\u2019aide d\u2019un sp\u00e9cialiste (coach du club, vendeur, bon joueur&#8230;)<\/li>\n<li>Tester pendant le temps de quelques parties<\/li>\n<\/ul>\n<p>Et puis si apr\u00e8s tout \u00e7\u00e0, vous h\u00e9sitez encore, n\u2019oubliez jamais que c\u2019est le joueur qui joue et non\u00a0 la raquette ! Alors on fonce, on joue , on s\u2019entra\u00eene J J<\/p>\n<p>&nbsp;<\/p>\n","protected":false},"excerpt":{"rendered":"<p>En tant que joueur de Padel, il est fr\u00e9quent de se poser de nombreuses questions sur son mat\u00e9riel. Quelle raquette de Padel s&rsquo;accorde le mieux \u00e0 mon jeu ? Comment puis-je tirer partie de tel ou tel point fort? Comment, \u00e0 l&rsquo;inverse, puis-je combler une carrence particuli\u00e8re? Le choix d&rsquo;un mat\u00e9riel adapt\u00e9 fait l&rsquo;objet d&rsquo;une [&hellip;]<\/p>\n","protected":false},"author":1,"featured_media":1505,"comment_status":"open","ping_status":"open","sticky":false,"template":"","format":"standard","meta":{"footnotes":""},"categories":[18,42,41,25],"tags":[],"class_list":["post-267","post","type-post","status-publish","format-standard","has-post-thumbnail","hentry","category-actualites","category-coup-de-coeur","category-interview","category-conseils"],"yoast_head":"<!-- This site is optimized with the Yoast SEO plugin v23.1 - https:\/\/yoast.com\/wordpress\/plugins\/seo\/ -->\n<title>L&#039;\u00e9volution dans le choix d&#039;une Raquette de Padel - Matthieu Armagnac<\/title>\n<meta name=\"description\" content=\"Joueur de Padel, il est fr\u00e9quent de se poser des questions sur son mat\u00e9riel. Quelle raquette de Padel s&#039;accorde le mieux \u00e0 mon jeu ?\" \/>\n<meta name=\"robots\" content=\"index, follow, max-snippet:-1, max-image-preview:large, max-video-preview:-1\" \/>\n<link rel=\"canonical\" href=\"https:\/\/www.padelreference.com\/blog\/itw-de-matthieu-armagnac\/\" \/>\n<meta property=\"og:locale\" content=\"fr_FR\" \/>\n<meta property=\"og:type\" content=\"article\" \/>\n<meta property=\"og:title\" content=\"L&#039;\u00e9volution dans le choix d&#039;une Raquette de Padel - Matthieu Armagnac\" \/>\n<meta property=\"og:description\" content=\"Joueur de Padel, il est fr\u00e9quent de se poser des questions sur son mat\u00e9riel. Quelle raquette de Padel s&#039;accorde le mieux \u00e0 mon jeu ?\" \/>\n<meta property=\"og:url\" content=\"https:\/\/www.padelreference.com\/blog\/itw-de-matthieu-armagnac\/\" \/>\n<meta property=\"og:site_name\" content=\"Padel Reference\" \/>\n<meta property=\"article:published_time\" content=\"2021-04-15T19:49:30+00:00\" \/>\n<meta property=\"article:modified_time\" content=\"2023-03-21T12:40:40+00:00\" \/>\n<meta property=\"og:image\" content=\"https:\/\/www.padelreference.com\/blog\/wp-content\/uploads\/2021\/04\/Le\u0301volution-dans-le-choix-dune-Raquette-de-Padel-\u2013-ITW-de-Matthieu-Armagnac-2.jpg\" \/>\n\t<meta property=\"og:image:width\" content=\"1280\" \/>\n\t<meta property=\"og:image:height\" content=\"720\" \/>\n\t<meta property=\"og:image:type\" content=\"image\/jpeg\" \/>\n<meta name=\"author\" content=\"TeamPadelReference\" \/>\n<meta name=\"twitter:card\" content=\"summary_large_image\" \/>\n<meta name=\"twitter:label1\" content=\"\u00c9crit par\" \/>\n\t<meta name=\"twitter:data1\" content=\"TeamPadelReference\" \/>\n\t<meta name=\"twitter:label2\" content=\"Dur\u00e9e de lecture estim\u00e9e\" \/>\n\t<meta name=\"twitter:data2\" content=\"5 minutes\" \/>\n<script type=\"application\/ld+json\" class=\"yoast-schema-graph\">{\"@context\":\"https:\/\/schema.org\",\"@graph\":[{\"@type\":\"WebPage\",\"@id\":\"https:\/\/www.padelreference.com\/blog\/itw-de-matthieu-armagnac\/\",\"url\":\"https:\/\/www.padelreference.com\/blog\/itw-de-matthieu-armagnac\/\",\"name\":\"L'\u00e9volution dans le choix d'une Raquette de Padel - Matthieu Armagnac\",\"isPartOf\":{\"@id\":\"https:\/\/www.padelreference.com\/blog\/#website\"},\"primaryImageOfPage\":{\"@id\":\"https:\/\/www.padelreference.com\/blog\/itw-de-matthieu-armagnac\/#primaryimage\"},\"image\":{\"@id\":\"https:\/\/www.padelreference.com\/blog\/itw-de-matthieu-armagnac\/#primaryimage\"},\"thumbnailUrl\":\"https:\/\/www.padelreference.com\/blog\/wp-content\/uploads\/2021\/04\/Le\u0301volution-dans-le-choix-dune-Raquette-de-Padel-\u2013-ITW-de-Matthieu-Armagnac-2.jpg\",\"datePublished\":\"2021-04-15T19:49:30+00:00\",\"dateModified\":\"2023-03-21T12:40:40+00:00\",\"author\":{\"@id\":\"https:\/\/www.padelreference.com\/blog\/#\/schema\/person\/afb3af5320ba12c482098d06a131da1e\"},\"description\":\"Joueur de Padel, il est fr\u00e9quent de se poser des questions sur son mat\u00e9riel. Quelle raquette de Padel s'accorde le mieux \u00e0 mon jeu ?\",\"breadcrumb\":{\"@id\":\"https:\/\/www.padelreference.com\/blog\/itw-de-matthieu-armagnac\/#breadcrumb\"},\"inLanguage\":\"fr-FR\",\"potentialAction\":[{\"@type\":\"ReadAction\",\"target\":[\"https:\/\/www.padelreference.com\/blog\/itw-de-matthieu-armagnac\/\"]}]},{\"@type\":\"ImageObject\",\"inLanguage\":\"fr-FR\",\"@id\":\"https:\/\/www.padelreference.com\/blog\/itw-de-matthieu-armagnac\/#primaryimage\",\"url\":\"https:\/\/www.padelreference.com\/blog\/wp-content\/uploads\/2021\/04\/Le\u0301volution-dans-le-choix-dune-Raquette-de-Padel-\u2013-ITW-de-Matthieu-Armagnac-2.jpg\",\"contentUrl\":\"https:\/\/www.padelreference.com\/blog\/wp-content\/uploads\/2021\/04\/Le\u0301volution-dans-le-choix-dune-Raquette-de-Padel-\u2013-ITW-de-Matthieu-Armagnac-2.jpg\",\"width\":1280,\"height\":720,\"caption\":\"L\u2019e\u0301volution dans le choix d\u2019une Raquette de Padel \u2013 ITW de Matthieu Armagnac\"},{\"@type\":\"BreadcrumbList\",\"@id\":\"https:\/\/www.padelreference.com\/blog\/itw-de-matthieu-armagnac\/#breadcrumb\",\"itemListElement\":[{\"@type\":\"ListItem\",\"position\":1,\"name\":\"Accueil\",\"item\":\"https:\/\/www.padelreference.com\/blog\/\"},{\"@type\":\"ListItem\",\"position\":2,\"name\":\"L&rsquo;\u00e9volution dans le choix d&rsquo;une Raquette de Padel &#8211; ITW de Matthieu Armagnac\"}]},{\"@type\":\"WebSite\",\"@id\":\"https:\/\/www.padelreference.com\/blog\/#website\",\"url\":\"https:\/\/www.padelreference.com\/blog\/\",\"name\":\"Padel Reference\",\"description\":\"Le Blog 100%\",\"potentialAction\":[{\"@type\":\"SearchAction\",\"target\":{\"@type\":\"EntryPoint\",\"urlTemplate\":\"https:\/\/www.padelreference.com\/blog\/?s={search_term_string}\"},\"query-input\":\"required name=search_term_string\"}],\"inLanguage\":\"fr-FR\"},{\"@type\":\"Person\",\"@id\":\"https:\/\/www.padelreference.com\/blog\/#\/schema\/person\/afb3af5320ba12c482098d06a131da1e\",\"name\":\"TeamPadelReference\",\"image\":{\"@type\":\"ImageObject\",\"inLanguage\":\"fr-FR\",\"@id\":\"https:\/\/www.padelreference.com\/blog\/#\/schema\/person\/image\/\",\"url\":\"https:\/\/secure.gravatar.com\/avatar\/9ae62940905f8b893e5b40c316012482?s=96&d=monsterid&r=g\",\"contentUrl\":\"https:\/\/secure.gravatar.com\/avatar\/9ae62940905f8b893e5b40c316012482?s=96&d=monsterid&r=g\",\"caption\":\"TeamPadelReference\"},\"sameAs\":[\"https:\/\/preprod.padelreference.com\/blog\"],\"url\":\"https:\/\/www.padelreference.com\/blog\/author\/teampadelreference\/\"}]}<\/script>\n<!-- \/ Yoast SEO plugin. -->","yoast_head_json":{"title":"L'\u00e9volution dans le choix d'une Raquette de Padel - Matthieu Armagnac","description":"Joueur de Padel, il est fr\u00e9quent de se poser des questions sur son mat\u00e9riel. Quelle raquette de Padel s'accorde le mieux \u00e0 mon jeu ?","robots":{"index":"index","follow":"follow","max-snippet":"max-snippet:-1","max-image-preview":"max-image-preview:large","max-video-preview":"max-video-preview:-1"},"canonical":"https:\/\/www.padelreference.com\/blog\/itw-de-matthieu-armagnac\/","og_locale":"fr_FR","og_type":"article","og_title":"L'\u00e9volution dans le choix d'une Raquette de Padel - Matthieu Armagnac","og_description":"Joueur de Padel, il est fr\u00e9quent de se poser des questions sur son mat\u00e9riel. Quelle raquette de Padel s'accorde le mieux \u00e0 mon jeu ?","og_url":"https:\/\/www.padelreference.com\/blog\/itw-de-matthieu-armagnac\/","og_site_name":"Padel Reference","article_published_time":"2021-04-15T19:49:30+00:00","article_modified_time":"2023-03-21T12:40:40+00:00","og_image":[{"width":1280,"height":720,"url":"https:\/\/www.padelreference.com\/blog\/wp-content\/uploads\/2021\/04\/Le\u0301volution-dans-le-choix-dune-Raquette-de-Padel-\u2013-ITW-de-Matthieu-Armagnac-2.jpg","type":"image\/jpeg"}],"author":"TeamPadelReference","twitter_card":"summary_large_image","twitter_misc":{"\u00c9crit par":"TeamPadelReference","Dur\u00e9e de lecture estim\u00e9e":"5 minutes"},"schema":{"@context":"https:\/\/schema.org","@graph":[{"@type":"WebPage","@id":"https:\/\/www.padelreference.com\/blog\/itw-de-matthieu-armagnac\/","url":"https:\/\/www.padelreference.com\/blog\/itw-de-matthieu-armagnac\/","name":"L'\u00e9volution dans le choix d'une Raquette de Padel - Matthieu Armagnac","isPartOf":{"@id":"https:\/\/www.padelreference.com\/blog\/#website"},"primaryImageOfPage":{"@id":"https:\/\/www.padelreference.com\/blog\/itw-de-matthieu-armagnac\/#primaryimage"},"image":{"@id":"https:\/\/www.padelreference.com\/blog\/itw-de-matthieu-armagnac\/#primaryimage"},"thumbnailUrl":"https:\/\/www.padelreference.com\/blog\/wp-content\/uploads\/2021\/04\/Le\u0301volution-dans-le-choix-dune-Raquette-de-Padel-\u2013-ITW-de-Matthieu-Armagnac-2.jpg","datePublished":"2021-04-15T19:49:30+00:00","dateModified":"2023-03-21T12:40:40+00:00","author":{"@id":"https:\/\/www.padelreference.com\/blog\/#\/schema\/person\/afb3af5320ba12c482098d06a131da1e"},"description":"Joueur de Padel, il est fr\u00e9quent de se poser des questions sur son mat\u00e9riel. Quelle raquette de Padel s'accorde le mieux \u00e0 mon jeu ?","breadcrumb":{"@id":"https:\/\/www.padelreference.com\/blog\/itw-de-matthieu-armagnac\/#breadcrumb"},"inLanguage":"fr-FR","potentialAction":[{"@type":"ReadAction","target":["https:\/\/www.padelreference.com\/blog\/itw-de-matthieu-armagnac\/"]}]},{"@type":"ImageObject","inLanguage":"fr-FR","@id":"https:\/\/www.padelreference.com\/blog\/itw-de-matthieu-armagnac\/#primaryimage","url":"https:\/\/www.padelreference.com\/blog\/wp-content\/uploads\/2021\/04\/Le\u0301volution-dans-le-choix-dune-Raquette-de-Padel-\u2013-ITW-de-Matthieu-Armagnac-2.jpg","contentUrl":"https:\/\/www.padelreference.com\/blog\/wp-content\/uploads\/2021\/04\/Le\u0301volution-dans-le-choix-dune-Raquette-de-Padel-\u2013-ITW-de-Matthieu-Armagnac-2.jpg","width":1280,"height":720,"caption":"L\u2019e\u0301volution dans le choix d\u2019une Raquette de Padel \u2013 ITW de Matthieu Armagnac"},{"@type":"BreadcrumbList","@id":"https:\/\/www.padelreference.com\/blog\/itw-de-matthieu-armagnac\/#breadcrumb","itemListElement":[{"@type":"ListItem","position":1,"name":"Accueil","item":"https:\/\/www.padelreference.com\/blog\/"},{"@type":"ListItem","position":2,"name":"L&rsquo;\u00e9volution dans le choix d&rsquo;une Raquette de Padel &#8211; ITW de Matthieu Armagnac"}]},{"@type":"WebSite","@id":"https:\/\/www.padelreference.com\/blog\/#website","url":"https:\/\/www.padelreference.com\/blog\/","name":"Padel Reference","description":"Le Blog 100%","potentialAction":[{"@type":"SearchAction","target":{"@type":"EntryPoint","urlTemplate":"https:\/\/www.padelreference.com\/blog\/?s={search_term_string}"},"query-input":"required name=search_term_string"}],"inLanguage":"fr-FR"},{"@type":"Person","@id":"https:\/\/www.padelreference.com\/blog\/#\/schema\/person\/afb3af5320ba12c482098d06a131da1e","name":"TeamPadelReference","image":{"@type":"ImageObject","inLanguage":"fr-FR","@id":"https:\/\/www.padelreference.com\/blog\/#\/schema\/person\/image\/","url":"https:\/\/secure.gravatar.com\/avatar\/9ae62940905f8b893e5b40c316012482?s=96&d=monsterid&r=g","contentUrl":"https:\/\/secure.gravatar.com\/avatar\/9ae62940905f8b893e5b40c316012482?s=96&d=monsterid&r=g","caption":"TeamPadelReference"},"sameAs":["https:\/\/preprod.padelreference.com\/blog"],"url":"https:\/\/www.padelreference.com\/blog\/author\/teampadelreference\/"}]}},"_links":{"self":[{"href":"https:\/\/www.padelreference.com\/blog\/wp-json\/wp\/v2\/posts\/267"}],"collection":[{"href":"https:\/\/www.padelreference.com\/blog\/wp-json\/wp\/v2\/posts"}],"about":[{"href":"https:\/\/www.padelreference.com\/blog\/wp-json\/wp\/v2\/types\/post"}],"author":[{"embeddable":true,"href":"https:\/\/www.padelreference.com\/blog\/wp-json\/wp\/v2\/users\/1"}],"replies":[{"embeddable":true,"href":"https:\/\/www.padelreference.com\/blog\/wp-json\/wp\/v2\/comments?post=267"}],"version-history":[{"count":0,"href":"https:\/\/www.padelreference.com\/blog\/wp-json\/wp\/v2\/posts\/267\/revisions"}],"wp:featuredmedia":[{"embeddable":true,"href":"https:\/\/www.padelreference.com\/blog\/wp-json\/wp\/v2\/media\/1505"}],"wp:attachment":[{"href":"https:\/\/www.padelreference.com\/blog\/wp-json\/wp\/v2\/media?parent=267"}],"wp:term":[{"taxonomy":"category","embeddable":true,"href":"https:\/\/www.padelreference.com\/blog\/wp-json\/wp\/v2\/categories?post=267"},{"taxonomy":"post_tag","embeddable":true,"href":"https:\/\/www.padelreference.com\/blog\/wp-json\/wp\/v2\/tags?post=267"}],"curies":[{"name":"wp","href":"https:\/\/api.w.org\/{rel}","templated":true}]}}