{"id":2817,"date":"2024-05-30T09:57:24","date_gmt":"2024-05-30T07:57:24","guid":{"rendered":"https:\/\/www.padelreference.com\/blog\/?p=2817"},"modified":"2024-05-30T09:57:24","modified_gmt":"2024-05-30T07:57:24","slug":"premier-padel-a-bordeaux-une-premiere-edition-a-ne-pas-manquer","status":"publish","type":"post","link":"https:\/\/www.padelreference.com\/blog\/premier-padel-a-bordeaux-une-premiere-edition-a-ne-pas-manquer\/","title":{"rendered":"Premier Padel \u00e0 Bordeaux : Une premi\u00e8re \u00e9dition \u00e0 ne pas manquer"},"content":{"rendered":"<p>La premi\u00e8re \u00e9dition de Bordeaux Premier Padel se tiendra du 9 au 16 juin 2024 \u00e0 l\u2019ARKEA ARENA, marquant la premi\u00e8re fois que cette prestigieuse enceinte accueille une comp\u00e9tition sportive officielle.<\/p>\n<p>Le Premier Padel de Bordeaux attirera des joueurs et joueuses de renomm\u00e9e mondiale, garantissant des matchs spectaculaires. Cette comp\u00e9tition est une occasion unique pour les amateurs de padel de voir leurs athl\u00e8tes pr\u00e9f\u00e9r\u00e9s en action et de d\u00e9couvrir de nouveaux talents sur le court.<\/p>\n<p>Avec ce nouvel \u00e9v\u00e9nement, Bordeaux rejoint les rangs des destinations incontournables du circuit international de Padel. La comp\u00e9tition b\u00e9n\u00e9ficiera d\u2019une couverture m\u00e9diatique exceptionnelle, atteignant pr\u00e8s de 150 millions de t\u00e9l\u00e9spectateurs \u00e0 travers le monde.<\/p>\n<h4>Une semaine de festivit\u00e9s<\/h4>\n<p>Au-del\u00e0 des matchs, le Premier Padel propose une semaine riche en animations et activit\u00e9s. Des ateliers de d\u00e9couverte du padel seront organis\u00e9s pour les n\u00e9ophytes, permettant \u00e0 tous de s\u2019initier \u00e0 ce sport dynamique et convivial. Des sessions d\u2019entra\u00eenement, des d\u00e9monstrations et des rencontres avec les joueurs offriront une exp\u00e9rience immersive pour tous les participants.<\/p>\n<p>En plus des matchs de padel, l\u2019\u00e9v\u00e9nement proposera une offre de divertissements de premier ordre. Le public bordelais pourra profiter d\u2019espaces de d\u00e9tente, de performances musicales par des artistes de renomm\u00e9e internationale, incluant des DJ sets et des concerts live, ainsi que des soir\u00e9es afterwork.<\/p>\n<h4>Pourquoi participer ?<\/h4>\n<p>Cela vous permettra d&rsquo;assister \u00e0 des matchs intenses avec des athl\u00e8tes de classe mondiale, participer \u00e0 des ateliers pour d\u00e9couvrir le padel sous toutes ses facettes et profiter d\u2019une atmosph\u00e8re conviviale avec de nombreuses animations sont autant de raisons de ne pas manquer cet \u00e9v\u00e9nement exceptionnel.<\/p>\n<p><a href=\"https:\/\/www.padelreference.com\/blog\/premier-padel-a-bordeaux-une-premiere-edition-a-ne-pas-manquer\/programme-p2-bordeaux\/\" rel=\"attachment wp-att-2819\"><img decoding=\"async\" class=\"wp-image-2819 aligncenter\" src=\"https:\/\/www.padelreference.com\/blog\/wp-content\/uploads\/2024\/05\/Programme-P2-Bordeaux-212x300.jpg\" alt=\"\" width=\"558\" height=\"790\" srcset=\"https:\/\/www.padelreference.com\/blog\/wp-content\/uploads\/2024\/05\/Programme-P2-Bordeaux-212x300.jpg 212w, https:\/\/www.padelreference.com\/blog\/wp-content\/uploads\/2024\/05\/Programme-P2-Bordeaux-724x1024.jpg 724w, https:\/\/www.padelreference.com\/blog\/wp-content\/uploads\/2024\/05\/Programme-P2-Bordeaux-768x1086.jpg 768w, https:\/\/www.padelreference.com\/blog\/wp-content\/uploads\/2024\/05\/Programme-P2-Bordeaux-1086x1536.jpg 1086w, https:\/\/www.padelreference.com\/blog\/wp-content\/uploads\/2024\/05\/Programme-P2-Bordeaux-750x1061.jpg 750w, https:\/\/www.padelreference.com\/blog\/wp-content\/uploads\/2024\/05\/Programme-P2-Bordeaux.jpg 1131w\" sizes=\"(max-width: 558px) 100vw, 558px\" \/><\/a><\/p>\n<h4>Informations pratiques<\/h4>\n<ul>\n<li><strong>Dates<\/strong> : 9 au 16 juin 2024<\/li>\n<li><strong>Lieu<\/strong> : Ark\u00e9a Ar\u00e9na, Floirac<\/li>\n<li><strong>Achat des billets<\/strong> : Disponibles en ligne et sur place<\/li>\n<\/ul>\n<p>Ne manquez pas cette premi\u00e8re \u00e9dition du Premier Padel \u00e0 Bordeaux, une opportunit\u00e9 unique de vivre des moments sportifs exceptionnels et de partager la passion du padel avec des milliers d\u2019autres fans. Rendez-vous au Parc des Expositions pour une semaine inoubliable !<\/p>\n","protected":false},"excerpt":{"rendered":"<p>La premi\u00e8re \u00e9dition de Bordeaux Premier Padel se tiendra du 9 au 16 juin 2024 \u00e0 l\u2019ARKEA ARENA, marquant la premi\u00e8re fois que cette prestigieuse enceinte accueille une comp\u00e9tition sportive officielle. Le Premier Padel de Bordeaux attirera des joueurs et joueuses de renomm\u00e9e mondiale, garantissant des matchs spectaculaires. Cette comp\u00e9tition est une occasion unique pour [&hellip;]<\/p>\n","protected":false},"author":4,"featured_media":2823,"comment_status":"open","ping_status":"open","sticky":false,"template":"","format":"standard","meta":{"footnotes":""},"categories":[1],"tags":[],"class_list":["post-2817","post","type-post","status-publish","format-standard","has-post-thumbnail","hentry","category-uncategorized"],"yoast_head":"<!-- This site is optimized with the Yoast SEO plugin v23.1 - https:\/\/yoast.com\/wordpress\/plugins\/seo\/ -->\n<title>Premier Padel \u00e0 Bordeaux : Une premi\u00e8re \u00e9dition \u00e0 ne pas manquer - Padel Reference<\/title>\n<meta name=\"robots\" content=\"index, follow, max-snippet:-1, max-image-preview:large, max-video-preview:-1\" \/>\n<link rel=\"canonical\" href=\"https:\/\/www.padelreference.com\/blog\/premier-padel-a-bordeaux-une-premiere-edition-a-ne-pas-manquer\/\" \/>\n<meta property=\"og:locale\" content=\"fr_FR\" \/>\n<meta property=\"og:type\" content=\"article\" \/>\n<meta property=\"og:title\" content=\"Premier Padel \u00e0 Bordeaux : Une premi\u00e8re \u00e9dition \u00e0 ne pas manquer - Padel Reference\" \/>\n<meta property=\"og:description\" content=\"La premi\u00e8re \u00e9dition de Bordeaux Premier Padel se tiendra du 9 au 16 juin 2024 \u00e0 l\u2019ARKEA ARENA, marquant la premi\u00e8re fois que cette prestigieuse enceinte accueille une comp\u00e9tition sportive officielle. Le Premier Padel de Bordeaux attirera des joueurs et joueuses de renomm\u00e9e mondiale, garantissant des matchs spectaculaires. Cette comp\u00e9tition est une occasion unique pour [&hellip;]\" \/>\n<meta property=\"og:url\" content=\"https:\/\/www.padelreference.com\/blog\/premier-padel-a-bordeaux-une-premiere-edition-a-ne-pas-manquer\/\" \/>\n<meta property=\"og:site_name\" content=\"Padel Reference\" \/>\n<meta property=\"article:published_time\" content=\"2024-05-30T07:57:24+00:00\" \/>\n<meta property=\"og:image\" content=\"https:\/\/www.padelreference.com\/blog\/wp-content\/uploads\/2024\/05\/Bannieres-Premier-Padel-Bordeaux.jpg\" \/>\n\t<meta property=\"og:image:width\" content=\"940\" \/>\n\t<meta property=\"og:image:height\" content=\"500\" \/>\n\t<meta property=\"og:image:type\" content=\"image\/jpeg\" \/>\n<meta name=\"author\" content=\"Marie Houssin de Saint-Laurent\" \/>\n<meta name=\"twitter:card\" content=\"summary_large_image\" \/>\n<meta name=\"twitter:label1\" content=\"\u00c9crit par\" \/>\n\t<meta name=\"twitter:data1\" content=\"Marie Houssin de Saint-Laurent\" \/>\n\t<meta name=\"twitter:label2\" content=\"Dur\u00e9e de lecture estim\u00e9e\" \/>\n\t<meta name=\"twitter:data2\" content=\"3 minutes\" \/>\n<script type=\"application\/ld+json\" class=\"yoast-schema-graph\">{\"@context\":\"https:\/\/schema.org\",\"@graph\":[{\"@type\":\"WebPage\",\"@id\":\"https:\/\/www.padelreference.com\/blog\/premier-padel-a-bordeaux-une-premiere-edition-a-ne-pas-manquer\/\",\"url\":\"https:\/\/www.padelreference.com\/blog\/premier-padel-a-bordeaux-une-premiere-edition-a-ne-pas-manquer\/\",\"name\":\"Premier Padel \u00e0 Bordeaux : Une premi\u00e8re \u00e9dition \u00e0 ne pas manquer - Padel Reference\",\"isPartOf\":{\"@id\":\"https:\/\/www.padelreference.com\/blog\/#website\"},\"primaryImageOfPage\":{\"@id\":\"https:\/\/www.padelreference.com\/blog\/premier-padel-a-bordeaux-une-premiere-edition-a-ne-pas-manquer\/#primaryimage\"},\"image\":{\"@id\":\"https:\/\/www.padelreference.com\/blog\/premier-padel-a-bordeaux-une-premiere-edition-a-ne-pas-manquer\/#primaryimage\"},\"thumbnailUrl\":\"https:\/\/www.padelreference.com\/blog\/wp-content\/uploads\/2024\/05\/Bannieres-Premier-Padel-Bordeaux.jpg\",\"datePublished\":\"2024-05-30T07:57:24+00:00\",\"dateModified\":\"2024-05-30T07:57:24+00:00\",\"author\":{\"@id\":\"https:\/\/www.padelreference.com\/blog\/#\/schema\/person\/19ac9bcb96f0878ff6d7d198258b8b4e\"},\"breadcrumb\":{\"@id\":\"https:\/\/www.padelreference.com\/blog\/premier-padel-a-bordeaux-une-premiere-edition-a-ne-pas-manquer\/#breadcrumb\"},\"inLanguage\":\"fr-FR\",\"potentialAction\":[{\"@type\":\"ReadAction\",\"target\":[\"https:\/\/www.padelreference.com\/blog\/premier-padel-a-bordeaux-une-premiere-edition-a-ne-pas-manquer\/\"]}]},{\"@type\":\"ImageObject\",\"inLanguage\":\"fr-FR\",\"@id\":\"https:\/\/www.padelreference.com\/blog\/premier-padel-a-bordeaux-une-premiere-edition-a-ne-pas-manquer\/#primaryimage\",\"url\":\"https:\/\/www.padelreference.com\/blog\/wp-content\/uploads\/2024\/05\/Bannieres-Premier-Padel-Bordeaux.jpg\",\"contentUrl\":\"https:\/\/www.padelreference.com\/blog\/wp-content\/uploads\/2024\/05\/Bannieres-Premier-Padel-Bordeaux.jpg\",\"width\":940,\"height\":500,\"caption\":\"Premier Padel Bordeaux\"},{\"@type\":\"BreadcrumbList\",\"@id\":\"https:\/\/www.padelreference.com\/blog\/premier-padel-a-bordeaux-une-premiere-edition-a-ne-pas-manquer\/#breadcrumb\",\"itemListElement\":[{\"@type\":\"ListItem\",\"position\":1,\"name\":\"Accueil\",\"item\":\"https:\/\/www.padelreference.com\/blog\/\"},{\"@type\":\"ListItem\",\"position\":2,\"name\":\"Premier Padel \u00e0 Bordeaux : Une premi\u00e8re \u00e9dition \u00e0 ne pas manquer\"}]},{\"@type\":\"WebSite\",\"@id\":\"https:\/\/www.padelreference.com\/blog\/#website\",\"url\":\"https:\/\/www.padelreference.com\/blog\/\",\"name\":\"Padel Reference\",\"description\":\"Le Blog 100%\",\"potentialAction\":[{\"@type\":\"SearchAction\",\"target\":{\"@type\":\"EntryPoint\",\"urlTemplate\":\"https:\/\/www.padelreference.com\/blog\/?s={search_term_string}\"},\"query-input\":\"required name=search_term_string\"}],\"inLanguage\":\"fr-FR\"},{\"@type\":\"Person\",\"@id\":\"https:\/\/www.padelreference.com\/blog\/#\/schema\/person\/19ac9bcb96f0878ff6d7d198258b8b4e\",\"name\":\"Marie Houssin de Saint-Laurent\",\"image\":{\"@type\":\"ImageObject\",\"inLanguage\":\"fr-FR\",\"@id\":\"https:\/\/www.padelreference.com\/blog\/#\/schema\/person\/image\/\",\"url\":\"https:\/\/secure.gravatar.com\/avatar\/69d98f8cd5872c5ee69fd3d2e0848036?s=96&d=monsterid&r=g\",\"contentUrl\":\"https:\/\/secure.gravatar.com\/avatar\/69d98f8cd5872c5ee69fd3d2e0848036?s=96&d=monsterid&r=g\",\"caption\":\"Marie Houssin de Saint-Laurent\"},\"url\":\"https:\/\/www.padelreference.com\/blog\/author\/marie\/\"}]}<\/script>\n<!-- \/ Yoast SEO plugin. -->","yoast_head_json":{"title":"Premier Padel \u00e0 Bordeaux : Une premi\u00e8re \u00e9dition \u00e0 ne pas manquer - Padel Reference","robots":{"index":"index","follow":"follow","max-snippet":"max-snippet:-1","max-image-preview":"max-image-preview:large","max-video-preview":"max-video-preview:-1"},"canonical":"https:\/\/www.padelreference.com\/blog\/premier-padel-a-bordeaux-une-premiere-edition-a-ne-pas-manquer\/","og_locale":"fr_FR","og_type":"article","og_title":"Premier Padel \u00e0 Bordeaux : Une premi\u00e8re \u00e9dition \u00e0 ne pas manquer - Padel Reference","og_description":"La premi\u00e8re \u00e9dition de Bordeaux Premier Padel se tiendra du 9 au 16 juin 2024 \u00e0 l\u2019ARKEA ARENA, marquant la premi\u00e8re fois que cette prestigieuse enceinte accueille une comp\u00e9tition sportive officielle. Le Premier Padel de Bordeaux attirera des joueurs et joueuses de renomm\u00e9e mondiale, garantissant des matchs spectaculaires. Cette comp\u00e9tition est une occasion unique pour [&hellip;]","og_url":"https:\/\/www.padelreference.com\/blog\/premier-padel-a-bordeaux-une-premiere-edition-a-ne-pas-manquer\/","og_site_name":"Padel Reference","article_published_time":"2024-05-30T07:57:24+00:00","og_image":[{"width":940,"height":500,"url":"https:\/\/www.padelreference.com\/blog\/wp-content\/uploads\/2024\/05\/Bannieres-Premier-Padel-Bordeaux.jpg","type":"image\/jpeg"}],"author":"Marie Houssin de Saint-Laurent","twitter_card":"summary_large_image","twitter_misc":{"\u00c9crit par":"Marie Houssin de Saint-Laurent","Dur\u00e9e de lecture estim\u00e9e":"3 minutes"},"schema":{"@context":"https:\/\/schema.org","@graph":[{"@type":"WebPage","@id":"https:\/\/www.padelreference.com\/blog\/premier-padel-a-bordeaux-une-premiere-edition-a-ne-pas-manquer\/","url":"https:\/\/www.padelreference.com\/blog\/premier-padel-a-bordeaux-une-premiere-edition-a-ne-pas-manquer\/","name":"Premier Padel \u00e0 Bordeaux : Une premi\u00e8re \u00e9dition \u00e0 ne pas manquer - Padel Reference","isPartOf":{"@id":"https:\/\/www.padelreference.com\/blog\/#website"},"primaryImageOfPage":{"@id":"https:\/\/www.padelreference.com\/blog\/premier-padel-a-bordeaux-une-premiere-edition-a-ne-pas-manquer\/#primaryimage"},"image":{"@id":"https:\/\/www.padelreference.com\/blog\/premier-padel-a-bordeaux-une-premiere-edition-a-ne-pas-manquer\/#primaryimage"},"thumbnailUrl":"https:\/\/www.padelreference.com\/blog\/wp-content\/uploads\/2024\/05\/Bannieres-Premier-Padel-Bordeaux.jpg","datePublished":"2024-05-30T07:57:24+00:00","dateModified":"2024-05-30T07:57:24+00:00","author":{"@id":"https:\/\/www.padelreference.com\/blog\/#\/schema\/person\/19ac9bcb96f0878ff6d7d198258b8b4e"},"breadcrumb":{"@id":"https:\/\/www.padelreference.com\/blog\/premier-padel-a-bordeaux-une-premiere-edition-a-ne-pas-manquer\/#breadcrumb"},"inLanguage":"fr-FR","potentialAction":[{"@type":"ReadAction","target":["https:\/\/www.padelreference.com\/blog\/premier-padel-a-bordeaux-une-premiere-edition-a-ne-pas-manquer\/"]}]},{"@type":"ImageObject","inLanguage":"fr-FR","@id":"https:\/\/www.padelreference.com\/blog\/premier-padel-a-bordeaux-une-premiere-edition-a-ne-pas-manquer\/#primaryimage","url":"https:\/\/www.padelreference.com\/blog\/wp-content\/uploads\/2024\/05\/Bannieres-Premier-Padel-Bordeaux.jpg","contentUrl":"https:\/\/www.padelreference.com\/blog\/wp-content\/uploads\/2024\/05\/Bannieres-Premier-Padel-Bordeaux.jpg","width":940,"height":500,"caption":"Premier Padel Bordeaux"},{"@type":"BreadcrumbList","@id":"https:\/\/www.padelreference.com\/blog\/premier-padel-a-bordeaux-une-premiere-edition-a-ne-pas-manquer\/#breadcrumb","itemListElement":[{"@type":"ListItem","position":1,"name":"Accueil","item":"https:\/\/www.padelreference.com\/blog\/"},{"@type":"ListItem","position":2,"name":"Premier Padel \u00e0 Bordeaux : Une premi\u00e8re \u00e9dition \u00e0 ne pas manquer"}]},{"@type":"WebSite","@id":"https:\/\/www.padelreference.com\/blog\/#website","url":"https:\/\/www.padelreference.com\/blog\/","name":"Padel Reference","description":"Le Blog 100%","potentialAction":[{"@type":"SearchAction","target":{"@type":"EntryPoint","urlTemplate":"https:\/\/www.padelreference.com\/blog\/?s={search_term_string}"},"query-input":"required name=search_term_string"}],"inLanguage":"fr-FR"},{"@type":"Person","@id":"https:\/\/www.padelreference.com\/blog\/#\/schema\/person\/19ac9bcb96f0878ff6d7d198258b8b4e","name":"Marie Houssin de Saint-Laurent","image":{"@type":"ImageObject","inLanguage":"fr-FR","@id":"https:\/\/www.padelreference.com\/blog\/#\/schema\/person\/image\/","url":"https:\/\/secure.gravatar.com\/avatar\/69d98f8cd5872c5ee69fd3d2e0848036?s=96&d=monsterid&r=g","contentUrl":"https:\/\/secure.gravatar.com\/avatar\/69d98f8cd5872c5ee69fd3d2e0848036?s=96&d=monsterid&r=g","caption":"Marie Houssin de Saint-Laurent"},"url":"https:\/\/www.padelreference.com\/blog\/author\/marie\/"}]}},"_links":{"self":[{"href":"https:\/\/www.padelreference.com\/blog\/wp-json\/wp\/v2\/posts\/2817"}],"collection":[{"href":"https:\/\/www.padelreference.com\/blog\/wp-json\/wp\/v2\/posts"}],"about":[{"href":"https:\/\/www.padelreference.com\/blog\/wp-json\/wp\/v2\/types\/post"}],"author":[{"embeddable":true,"href":"https:\/\/www.padelreference.com\/blog\/wp-json\/wp\/v2\/users\/4"}],"replies":[{"embeddable":true,"href":"https:\/\/www.padelreference.com\/blog\/wp-json\/wp\/v2\/comments?post=2817"}],"version-history":[{"count":5,"href":"https:\/\/www.padelreference.com\/blog\/wp-json\/wp\/v2\/posts\/2817\/revisions"}],"predecessor-version":[{"id":2831,"href":"https:\/\/www.padelreference.com\/blog\/wp-json\/wp\/v2\/posts\/2817\/revisions\/2831"}],"wp:featuredmedia":[{"embeddable":true,"href":"https:\/\/www.padelreference.com\/blog\/wp-json\/wp\/v2\/media\/2823"}],"wp:attachment":[{"href":"https:\/\/www.padelreference.com\/blog\/wp-json\/wp\/v2\/media?parent=2817"}],"wp:term":[{"taxonomy":"category","embeddable":true,"href":"https:\/\/www.padelreference.com\/blog\/wp-json\/wp\/v2\/categories?post=2817"},{"taxonomy":"post_tag","embeddable":true,"href":"https:\/\/www.padelreference.com\/blog\/wp-json\/wp\/v2\/tags?post=2817"}],"curies":[{"name":"wp","href":"https:\/\/api.w.org\/{rel}","templated":true}]}}