{"id":563,"date":"2021-11-12T16:54:27","date_gmt":"2021-11-12T14:54:27","guid":{"rendered":"https:\/\/preprod.padelreference.com\/blog\/?p=563"},"modified":"2022-12-08T16:25:07","modified_gmt":"2022-12-08T14:25:07","slug":"le-padel-arrive-sur-canal","status":"publish","type":"post","link":"https:\/\/www.padelreference.com\/blog\/le-padel-arrive-sur-canal\/","title":{"rendered":"Le padel arrive sur Canal +"},"content":{"rendered":"<p><span style=\"font-weight: 400;\">D\u00e8s d\u00e9cembre vous pourrez regarder le World Padel Tour sur canal +.<\/span><\/p>\n<p><span style=\"font-weight: 400;\">En effet, la cha\u00eene crypt\u00e9e a acquis les droits de diffusion de la plus grande comp\u00e9tition de Padel qui existe actuellement, et cela jusqu\u2019en 2026.<\/span><\/p>\n<p><span style=\"font-weight: 400;\"><img decoding=\"async\" class=\" wp-image-566 alignright\" src=\"https:\/\/padelreference.com\/blog\/wp-content\/uploads\/2021\/11\/logo-world-padel-tour.png\" alt=\"\" width=\"219\" height=\"152\" \/><\/span><\/p>\n<p><span style=\"font-weight: 400;\">La premi\u00e8re diffusion aura lieu du 16 au 19 d\u00e9cembre avec les quarts, demi-finales et finales du \u201cMadrid Masters Final\u201d qui concluent la fin de la saison 2021.<\/span><\/p>\n<p><span style=\"font-weight: 400;\">Pour Thierry Cheleman, directeur des sports de CANAL+ : \u00ab\u00a0<\/span><i><span style=\"font-weight: 400;\">L&rsquo;arriv\u00e9e sur nos cha\u00eenes d&rsquo;un sport en plein d\u00e9veloppement tel que le Padel est une superbe nouvelle. CANAL+ a toujours \u00e9t\u00e9 pr\u00e9curseur de tendance en mati\u00e8re de retransmissions sportives, et nous sommes une nouvelle fois pr\u00e9sents pour proposer les sports de demain \u00e0 nos abonn\u00e9s. Comme pour les autres sports nous offrirons au World Padel Tour une couverture de qualit\u00e9, avec des lives largement enrichis par le travail de nos \u00e9quipes \u00e9ditoriales.\u00a0\u00bb<\/span><\/i><\/p>\n<p><span style=\"font-weight: 400;\">Beaucoup de fans de padel se posent la m\u00eame question \u00ab\u00a0pourquoi payer une cha\u00eene priv\u00e9e alors que le WPT diffuse des r\u00e9sum\u00e9s et les live sur sa cha\u00eene YouTube ?\u00a0\u00bb<\/span><\/p>\n<p><span style=\"font-weight: 400;\">Tout simplement parce qu\u2019\u00e0 terme, le padel va devenir un sport \u00e0 part enti\u00e8re et devra faire comme tous les autres sports, proposer syst\u00e9matiquement du contenu soumis \u00e0 des droits tv. Il arrivera forc\u00e9ment un moment o\u00f9 les directs du WPT dispara\u00eetront de YouTube. Quand ? Il est encore difficile de le savoir, mais il est s\u00fbr que le c\u00e9l\u00e8bre tournoi ne pourra pas ind\u00e9finiment faire \u201cconcurrence\u201d \u00e0 canal + en diffusant gratuitement les lives des matchs via sa cha\u00eene YouTube !<\/span><\/p>\n<p>&nbsp;<\/p>\n","protected":false},"excerpt":{"rendered":"<p>D\u00e8s d\u00e9cembre vous pourrez regarder le World Padel Tour sur canal +. En effet, la cha\u00eene crypt\u00e9e a acquis les droits de diffusion de la plus grande comp\u00e9tition de Padel qui existe actuellement, et cela jusqu\u2019en 2026. La premi\u00e8re diffusion aura lieu du 16 au 19 d\u00e9cembre avec les quarts, demi-finales et finales du \u201cMadrid [&hellip;]<\/p>\n","protected":false},"author":2,"featured_media":1510,"comment_status":"open","ping_status":"open","sticky":false,"template":"","format":"standard","meta":{"footnotes":""},"categories":[18],"tags":[],"class_list":["post-563","post","type-post","status-publish","format-standard","has-post-thumbnail","hentry","category-actualites"],"yoast_head":"<!-- This site is optimized with the Yoast SEO plugin v23.1 - https:\/\/yoast.com\/wordpress\/plugins\/seo\/ -->\n<title>Le padel arrive enfin \u00e0 la t\u00e9l\u00e9 ! | Padel Reference<\/title>\n<meta name=\"description\" content=\"D\u00e8s d\u00e9cembre, vous pourrez regarder le WPT sur Canal + qui est la plus grande comp\u00e9tition de Padel qui existe actuellement !\" \/>\n<meta name=\"robots\" content=\"index, follow, max-snippet:-1, max-image-preview:large, max-video-preview:-1\" \/>\n<link rel=\"canonical\" href=\"https:\/\/www.padelreference.com\/blog\/le-padel-arrive-sur-canal\/\" \/>\n<meta property=\"og:locale\" content=\"fr_FR\" \/>\n<meta property=\"og:type\" content=\"article\" \/>\n<meta property=\"og:title\" content=\"Le padel arrive enfin \u00e0 la t\u00e9l\u00e9 ! | Padel Reference\" \/>\n<meta property=\"og:description\" content=\"D\u00e8s d\u00e9cembre, vous pourrez regarder le WPT sur Canal + qui est la plus grande comp\u00e9tition de Padel qui existe actuellement !\" \/>\n<meta property=\"og:url\" content=\"https:\/\/www.padelreference.com\/blog\/le-padel-arrive-sur-canal\/\" \/>\n<meta property=\"og:site_name\" content=\"Padel Reference\" \/>\n<meta property=\"article:published_time\" content=\"2021-11-12T14:54:27+00:00\" \/>\n<meta property=\"article:modified_time\" content=\"2022-12-08T14:25:07+00:00\" \/>\n<meta property=\"og:image\" content=\"https:\/\/www.padelreference.com\/blog\/wp-content\/uploads\/2021\/11\/Le-padel-arrive-sur-Canal-_.jpg\" \/>\n\t<meta property=\"og:image:width\" content=\"1280\" \/>\n\t<meta property=\"og:image:height\" content=\"720\" \/>\n\t<meta property=\"og:image:type\" content=\"image\/jpeg\" \/>\n<meta name=\"author\" content=\"Admin Padel Reference\" \/>\n<meta name=\"twitter:card\" content=\"summary_large_image\" \/>\n<meta name=\"twitter:label1\" content=\"\u00c9crit par\" \/>\n\t<meta name=\"twitter:data1\" content=\"Admin Padel Reference\" \/>\n\t<meta name=\"twitter:label2\" content=\"Dur\u00e9e de lecture estim\u00e9e\" \/>\n\t<meta name=\"twitter:data2\" content=\"2 minutes\" \/>\n<script type=\"application\/ld+json\" class=\"yoast-schema-graph\">{\"@context\":\"https:\/\/schema.org\",\"@graph\":[{\"@type\":\"WebPage\",\"@id\":\"https:\/\/www.padelreference.com\/blog\/le-padel-arrive-sur-canal\/\",\"url\":\"https:\/\/www.padelreference.com\/blog\/le-padel-arrive-sur-canal\/\",\"name\":\"Le padel arrive enfin \u00e0 la t\u00e9l\u00e9 ! | Padel Reference\",\"isPartOf\":{\"@id\":\"https:\/\/www.padelreference.com\/blog\/#website\"},\"primaryImageOfPage\":{\"@id\":\"https:\/\/www.padelreference.com\/blog\/le-padel-arrive-sur-canal\/#primaryimage\"},\"image\":{\"@id\":\"https:\/\/www.padelreference.com\/blog\/le-padel-arrive-sur-canal\/#primaryimage\"},\"thumbnailUrl\":\"https:\/\/www.padelreference.com\/blog\/wp-content\/uploads\/2021\/11\/Le-padel-arrive-sur-Canal-_.jpg\",\"datePublished\":\"2021-11-12T14:54:27+00:00\",\"dateModified\":\"2022-12-08T14:25:07+00:00\",\"author\":{\"@id\":\"https:\/\/www.padelreference.com\/blog\/#\/schema\/person\/d84774930853ed810e674aba522cd8d0\"},\"description\":\"D\u00e8s d\u00e9cembre, vous pourrez regarder le WPT sur Canal + qui est la plus grande comp\u00e9tition de Padel qui existe actuellement !\",\"breadcrumb\":{\"@id\":\"https:\/\/www.padelreference.com\/blog\/le-padel-arrive-sur-canal\/#breadcrumb\"},\"inLanguage\":\"fr-FR\",\"potentialAction\":[{\"@type\":\"ReadAction\",\"target\":[\"https:\/\/www.padelreference.com\/blog\/le-padel-arrive-sur-canal\/\"]}]},{\"@type\":\"ImageObject\",\"inLanguage\":\"fr-FR\",\"@id\":\"https:\/\/www.padelreference.com\/blog\/le-padel-arrive-sur-canal\/#primaryimage\",\"url\":\"https:\/\/www.padelreference.com\/blog\/wp-content\/uploads\/2021\/11\/Le-padel-arrive-sur-Canal-_.jpg\",\"contentUrl\":\"https:\/\/www.padelreference.com\/blog\/wp-content\/uploads\/2021\/11\/Le-padel-arrive-sur-Canal-_.jpg\",\"width\":1280,\"height\":720,\"caption\":\"Le padel arrive sur Canal +_\"},{\"@type\":\"BreadcrumbList\",\"@id\":\"https:\/\/www.padelreference.com\/blog\/le-padel-arrive-sur-canal\/#breadcrumb\",\"itemListElement\":[{\"@type\":\"ListItem\",\"position\":1,\"name\":\"Accueil\",\"item\":\"https:\/\/www.padelreference.com\/blog\/\"},{\"@type\":\"ListItem\",\"position\":2,\"name\":\"Le padel arrive sur Canal +\"}]},{\"@type\":\"WebSite\",\"@id\":\"https:\/\/www.padelreference.com\/blog\/#website\",\"url\":\"https:\/\/www.padelreference.com\/blog\/\",\"name\":\"Padel Reference\",\"description\":\"Le Blog 100%\",\"potentialAction\":[{\"@type\":\"SearchAction\",\"target\":{\"@type\":\"EntryPoint\",\"urlTemplate\":\"https:\/\/www.padelreference.com\/blog\/?s={search_term_string}\"},\"query-input\":\"required name=search_term_string\"}],\"inLanguage\":\"fr-FR\"},{\"@type\":\"Person\",\"@id\":\"https:\/\/www.padelreference.com\/blog\/#\/schema\/person\/d84774930853ed810e674aba522cd8d0\",\"name\":\"Admin Padel Reference\",\"image\":{\"@type\":\"ImageObject\",\"inLanguage\":\"fr-FR\",\"@id\":\"https:\/\/www.padelreference.com\/blog\/#\/schema\/person\/image\/\",\"url\":\"https:\/\/secure.gravatar.com\/avatar\/fbc11dfe99504ebf8abdb52c4e873060?s=96&d=monsterid&r=g\",\"contentUrl\":\"https:\/\/secure.gravatar.com\/avatar\/fbc11dfe99504ebf8abdb52c4e873060?s=96&d=monsterid&r=g\",\"caption\":\"Admin Padel Reference\"},\"url\":\"https:\/\/www.padelreference.com\/blog\/author\/admin-padel-reference\/\"}]}<\/script>\n<!-- \/ Yoast SEO plugin. -->","yoast_head_json":{"title":"Le padel arrive enfin \u00e0 la t\u00e9l\u00e9 ! | Padel Reference","description":"D\u00e8s d\u00e9cembre, vous pourrez regarder le WPT sur Canal + qui est la plus grande comp\u00e9tition de Padel qui existe actuellement !","robots":{"index":"index","follow":"follow","max-snippet":"max-snippet:-1","max-image-preview":"max-image-preview:large","max-video-preview":"max-video-preview:-1"},"canonical":"https:\/\/www.padelreference.com\/blog\/le-padel-arrive-sur-canal\/","og_locale":"fr_FR","og_type":"article","og_title":"Le padel arrive enfin \u00e0 la t\u00e9l\u00e9 ! | Padel Reference","og_description":"D\u00e8s d\u00e9cembre, vous pourrez regarder le WPT sur Canal + qui est la plus grande comp\u00e9tition de Padel qui existe actuellement !","og_url":"https:\/\/www.padelreference.com\/blog\/le-padel-arrive-sur-canal\/","og_site_name":"Padel Reference","article_published_time":"2021-11-12T14:54:27+00:00","article_modified_time":"2022-12-08T14:25:07+00:00","og_image":[{"width":1280,"height":720,"url":"https:\/\/www.padelreference.com\/blog\/wp-content\/uploads\/2021\/11\/Le-padel-arrive-sur-Canal-_.jpg","type":"image\/jpeg"}],"author":"Admin Padel Reference","twitter_card":"summary_large_image","twitter_misc":{"\u00c9crit par":"Admin Padel Reference","Dur\u00e9e de lecture estim\u00e9e":"2 minutes"},"schema":{"@context":"https:\/\/schema.org","@graph":[{"@type":"WebPage","@id":"https:\/\/www.padelreference.com\/blog\/le-padel-arrive-sur-canal\/","url":"https:\/\/www.padelreference.com\/blog\/le-padel-arrive-sur-canal\/","name":"Le padel arrive enfin \u00e0 la t\u00e9l\u00e9 ! | Padel Reference","isPartOf":{"@id":"https:\/\/www.padelreference.com\/blog\/#website"},"primaryImageOfPage":{"@id":"https:\/\/www.padelreference.com\/blog\/le-padel-arrive-sur-canal\/#primaryimage"},"image":{"@id":"https:\/\/www.padelreference.com\/blog\/le-padel-arrive-sur-canal\/#primaryimage"},"thumbnailUrl":"https:\/\/www.padelreference.com\/blog\/wp-content\/uploads\/2021\/11\/Le-padel-arrive-sur-Canal-_.jpg","datePublished":"2021-11-12T14:54:27+00:00","dateModified":"2022-12-08T14:25:07+00:00","author":{"@id":"https:\/\/www.padelreference.com\/blog\/#\/schema\/person\/d84774930853ed810e674aba522cd8d0"},"description":"D\u00e8s d\u00e9cembre, vous pourrez regarder le WPT sur Canal + qui est la plus grande comp\u00e9tition de Padel qui existe actuellement !","breadcrumb":{"@id":"https:\/\/www.padelreference.com\/blog\/le-padel-arrive-sur-canal\/#breadcrumb"},"inLanguage":"fr-FR","potentialAction":[{"@type":"ReadAction","target":["https:\/\/www.padelreference.com\/blog\/le-padel-arrive-sur-canal\/"]}]},{"@type":"ImageObject","inLanguage":"fr-FR","@id":"https:\/\/www.padelreference.com\/blog\/le-padel-arrive-sur-canal\/#primaryimage","url":"https:\/\/www.padelreference.com\/blog\/wp-content\/uploads\/2021\/11\/Le-padel-arrive-sur-Canal-_.jpg","contentUrl":"https:\/\/www.padelreference.com\/blog\/wp-content\/uploads\/2021\/11\/Le-padel-arrive-sur-Canal-_.jpg","width":1280,"height":720,"caption":"Le padel arrive sur Canal +_"},{"@type":"BreadcrumbList","@id":"https:\/\/www.padelreference.com\/blog\/le-padel-arrive-sur-canal\/#breadcrumb","itemListElement":[{"@type":"ListItem","position":1,"name":"Accueil","item":"https:\/\/www.padelreference.com\/blog\/"},{"@type":"ListItem","position":2,"name":"Le padel arrive sur Canal +"}]},{"@type":"WebSite","@id":"https:\/\/www.padelreference.com\/blog\/#website","url":"https:\/\/www.padelreference.com\/blog\/","name":"Padel Reference","description":"Le Blog 100%","potentialAction":[{"@type":"SearchAction","target":{"@type":"EntryPoint","urlTemplate":"https:\/\/www.padelreference.com\/blog\/?s={search_term_string}"},"query-input":"required name=search_term_string"}],"inLanguage":"fr-FR"},{"@type":"Person","@id":"https:\/\/www.padelreference.com\/blog\/#\/schema\/person\/d84774930853ed810e674aba522cd8d0","name":"Admin Padel Reference","image":{"@type":"ImageObject","inLanguage":"fr-FR","@id":"https:\/\/www.padelreference.com\/blog\/#\/schema\/person\/image\/","url":"https:\/\/secure.gravatar.com\/avatar\/fbc11dfe99504ebf8abdb52c4e873060?s=96&d=monsterid&r=g","contentUrl":"https:\/\/secure.gravatar.com\/avatar\/fbc11dfe99504ebf8abdb52c4e873060?s=96&d=monsterid&r=g","caption":"Admin Padel Reference"},"url":"https:\/\/www.padelreference.com\/blog\/author\/admin-padel-reference\/"}]}},"_links":{"self":[{"href":"https:\/\/www.padelreference.com\/blog\/wp-json\/wp\/v2\/posts\/563"}],"collection":[{"href":"https:\/\/www.padelreference.com\/blog\/wp-json\/wp\/v2\/posts"}],"about":[{"href":"https:\/\/www.padelreference.com\/blog\/wp-json\/wp\/v2\/types\/post"}],"author":[{"embeddable":true,"href":"https:\/\/www.padelreference.com\/blog\/wp-json\/wp\/v2\/users\/2"}],"replies":[{"embeddable":true,"href":"https:\/\/www.padelreference.com\/blog\/wp-json\/wp\/v2\/comments?post=563"}],"version-history":[{"count":0,"href":"https:\/\/www.padelreference.com\/blog\/wp-json\/wp\/v2\/posts\/563\/revisions"}],"wp:featuredmedia":[{"embeddable":true,"href":"https:\/\/www.padelreference.com\/blog\/wp-json\/wp\/v2\/media\/1510"}],"wp:attachment":[{"href":"https:\/\/www.padelreference.com\/blog\/wp-json\/wp\/v2\/media?parent=563"}],"wp:term":[{"taxonomy":"category","embeddable":true,"href":"https:\/\/www.padelreference.com\/blog\/wp-json\/wp\/v2\/categories?post=563"},{"taxonomy":"post_tag","embeddable":true,"href":"https:\/\/www.padelreference.com\/blog\/wp-json\/wp\/v2\/tags?post=563"}],"curies":[{"name":"wp","href":"https:\/\/api.w.org\/{rel}","templated":true}]}}