{"id":652,"date":"2021-12-30T12:48:04","date_gmt":"2021-12-30T10:48:04","guid":{"rendered":"https:\/\/preprod.padelreference.com\/blog\/?p=652"},"modified":"2022-12-08T17:24:27","modified_gmt":"2022-12-08T15:24:27","slug":"calendrier-wpt-provisoire-2022","status":"publish","type":"post","link":"https:\/\/www.padelreference.com\/blog\/calendrier-wpt-provisoire-2022\/","title":{"rendered":"Calendrier World Padel Tour (WPT) 2022 provisoire"},"content":{"rendered":"<p><span id=\"p0\">La <strong>plus grande comp\u00e9tition au monde de padel<\/strong> va d\u00e9buter sa saison 2022 avec \u00ab l\u2019Open Miami \u00bb qui se jouera du 22 au 28 f\u00e9vrier au <span id=\"20\">Island<\/span>\u00a0<span id=\"21\">Gardens<\/span>\u00a0Club et Marina.<\/span><span id=\"p1\">\u00a0Le\u00a0<strong><span id=\"22\" class=\"s-rg-t\">World<\/span> Padel Tour\u00a0<\/strong>ou\u00a0<strong>WPT<\/strong> affirme que ce sera la comp\u00e9tition la plus \u00ab internationale \u00bb depuis son lancement en 2013.<\/span><\/p>\n<h2>Le World Padel Tour d\u00e9bute sa saison 2022 !<\/h2>\n<p><span id=\"p4\">Pour la saison\u00a0<span id=\"30\" class=\"s-bl-t\">2022 le<\/span>\u00a0circuit du\u00a0<strong><span id=\"31\" class=\"s-rg-t\">World Padel Tour<\/span><\/strong>\u00a0sera compos\u00e9 de 22 tournois, dont 18 seront des \u00ab Opens \u00bb et 4 des \u00ab Masters \u00bb\u00a0<span id=\"p3\">(Duba\u00ef, Buenos Aires et deux en Espagne)<\/span>.<\/span><\/p>\n<p><span id=\"p5\">Le <strong>padel \u00e9tant un sport<\/strong> en plein essor, le\u00a0<strong><span id=\"32\" class=\"s-rg-t\">WPT<\/span><\/strong> reprend sa strat\u00e9gie d\u2019internalisation avec :<\/span><\/p>\n<ul>\n<li><span id=\"p5\">9 tournois de Padel en Espagne<\/span><\/li>\n<li><span id=\"p5\">9 tournois en Europe<\/span><\/li>\n<li><span id=\"p5\">3 tournois Padel en Am\u00e9rique <\/span><\/li>\n<li><span id=\"p5\">1 tournoi au Moyen-Orient<\/span><br \/>\n<span id=\"p9\"><\/span><\/li>\n<\/ul>\n<h2>WPT : les pays participants<\/h2>\n<p><span id=\"p9\">Pour le <span id=\"33\" class=\"s-bl-t\">moment plusieurs<\/span>\u00a0pays\u00a0<span id=\"34\" class=\"s-rg-t\">Europ\u00e9ens<\/span> ont \u00e9t\u00e9 confirm\u00e9s :<\/span><span id=\"p10\">\u00a0<span id=\"23\" class=\"s-rg-t\">Nous<\/span>\u00a0retrouvons la Su\u00e8de et l\u2019Italie comme pour la saison 2021.<\/span><span id=\"p11\"> Cette <span id=\"24\" class=\"s-bl-t\">ann\u00e9e le<\/span>\u00a0<span id=\"25\" class=\"s-rg-t\">World Padel Tour<\/span>\u00a0arrive en Belgique\u00a0<span id=\"p8\">(en mai)<\/span>, au Danemark et en France\u00a0<span id=\"p7\">(en juin)<\/span>.<\/span><span id=\"p12\"><\/span><\/p>\n<p><span id=\"p13\">Comme en 2015, le\u00a0<span id=\"26\" class=\"s-rg-t\">WPT<\/span>\u00a0se rendra au Moyen-Orient entre le 21 et le 27 mars pour le Duba\u00ef Master.<\/span><\/p>\n<p><span id=\"p14\">Cette ann\u00e9e\u00a0<span id=\"27\" class=\"s-bl-t\">encore le<\/span> <strong>World Padel Tour<\/strong> se rend au Mexique et en Argentine.<\/span><span id=\"p43\"><\/span><\/p>\n<p><span id=\"p44\">Le Master Final est pr\u00e9vu du 12 au 18 d\u00e9cembre, le lieu de la finale n&rsquo;a pas encore \u00e9t\u00e9 d\u00e9voil\u00e9.<\/span><\/p>\n<p><span id=\"p45\">Toutes ses informations sur l\u2019\u00e9v\u00e9nement du World Padel Tour restent provisoires pour le moment.<\/span><span id=\"p46\">\u00a0<span id=\"47\" class=\"s-bl-t\">N\u00e9anmoins un<\/span> calendrier est sorti sur le site du journal \u00ab\u00a0<span id=\"48\" class=\"s-rg-t\">Ol\u00e9<\/span>\u00a0\u00bb.<\/span><span id=\"p19\">\u00a0<\/span><\/p>\n<p>&nbsp;<\/p>\n<p><img decoding=\"async\" class=\"aligncenter wp-image-653\" src=\"https:\/\/padelreference.com\/blog\/wp-content\/uploads\/2021\/12\/calendrier-WPT-2022-300x164.jpeg\" alt=\"world-padel-tour-calendrier\" width=\"579\" height=\"316\" srcset=\"https:\/\/www.padelreference.com\/blog\/wp-content\/uploads\/2021\/12\/calendrier-WPT-2022-300x164.jpeg 300w, https:\/\/www.padelreference.com\/blog\/wp-content\/uploads\/2021\/12\/calendrier-WPT-2022.jpeg 720w\" sizes=\"(max-width: 579px) 100vw, 579px\" \/><\/p>\n<p>Vous \u00eates \u00e0 la recherche d&rsquo;une <strong><a href=\"https:\/\/www.padelreference.com\/fr\/raquettes-de-padel-3\">raquette de padel<\/a><\/strong> ? N&rsquo;h\u00e9sitez pas \u00e0 consulter notre boutique en ligne : <a href=\"https:\/\/www.padelreference.com\/\">www.padelreference.com<\/a><\/p>\n<p>&nbsp;<\/p>\n","protected":false},"excerpt":{"rendered":"<p>La plus grande comp\u00e9tition au monde de padel va d\u00e9buter sa saison 2022 avec \u00ab l\u2019Open Miami \u00bb qui se jouera du 22 au 28 f\u00e9vrier au Island\u00a0Gardens\u00a0Club et Marina.\u00a0Le\u00a0World Padel Tour\u00a0ou\u00a0WPT affirme que ce sera la comp\u00e9tition la plus \u00ab internationale \u00bb depuis son lancement en 2013. Le World Padel Tour d\u00e9bute sa saison [&hellip;]<\/p>\n","protected":false},"author":2,"featured_media":1538,"comment_status":"open","ping_status":"open","sticky":false,"template":"","format":"standard","meta":{"footnotes":""},"categories":[54,18],"tags":[],"class_list":["post-652","post","type-post","status-publish","format-standard","has-post-thumbnail","hentry","category-world-padel-tour","category-actualites"],"yoast_head":"<!-- This site is optimized with the Yoast SEO plugin v23.1 - https:\/\/yoast.com\/wordpress\/plugins\/seo\/ -->\n<title>World Padel Tour 2022 : Calendrier provisoire et infos<\/title>\n<meta name=\"description\" content=\"Le\u00a0World Padel Tour (WPT) affirme que 2022 sera la comp\u00e9tition la plus \u00ab internationale \u00bb depuis son lancement en 2013.\" \/>\n<meta name=\"robots\" content=\"index, follow, max-snippet:-1, max-image-preview:large, max-video-preview:-1\" \/>\n<link rel=\"canonical\" href=\"https:\/\/www.padelreference.com\/blog\/calendrier-wpt-provisoire-2022\/\" \/>\n<meta property=\"og:locale\" content=\"fr_FR\" \/>\n<meta property=\"og:type\" content=\"article\" \/>\n<meta property=\"og:title\" content=\"World Padel Tour 2022 : Calendrier provisoire et infos\" \/>\n<meta property=\"og:description\" content=\"Le\u00a0World Padel Tour (WPT) affirme que 2022 sera la comp\u00e9tition la plus \u00ab internationale \u00bb depuis son lancement en 2013.\" \/>\n<meta property=\"og:url\" content=\"https:\/\/www.padelreference.com\/blog\/calendrier-wpt-provisoire-2022\/\" \/>\n<meta property=\"og:site_name\" content=\"Padel Reference\" \/>\n<meta property=\"article:published_time\" content=\"2021-12-30T10:48:04+00:00\" \/>\n<meta property=\"article:modified_time\" content=\"2022-12-08T15:24:27+00:00\" \/>\n<meta property=\"og:image\" content=\"https:\/\/www.padelreference.com\/blog\/wp-content\/uploads\/2021\/12\/Calendrier-World-Padel-Tour-WPT-2022-provisoire.png\" \/>\n\t<meta property=\"og:image:width\" content=\"1280\" \/>\n\t<meta property=\"og:image:height\" content=\"720\" \/>\n\t<meta property=\"og:image:type\" content=\"image\/png\" \/>\n<meta name=\"author\" content=\"Admin Padel Reference\" \/>\n<meta name=\"twitter:card\" content=\"summary_large_image\" \/>\n<meta name=\"twitter:label1\" content=\"\u00c9crit par\" \/>\n\t<meta name=\"twitter:data1\" content=\"Admin Padel Reference\" \/>\n\t<meta name=\"twitter:label2\" content=\"Dur\u00e9e de lecture estim\u00e9e\" \/>\n\t<meta name=\"twitter:data2\" content=\"2 minutes\" \/>\n<script type=\"application\/ld+json\" class=\"yoast-schema-graph\">{\"@context\":\"https:\/\/schema.org\",\"@graph\":[{\"@type\":\"WebPage\",\"@id\":\"https:\/\/www.padelreference.com\/blog\/calendrier-wpt-provisoire-2022\/\",\"url\":\"https:\/\/www.padelreference.com\/blog\/calendrier-wpt-provisoire-2022\/\",\"name\":\"World Padel Tour 2022 : Calendrier provisoire et infos\",\"isPartOf\":{\"@id\":\"https:\/\/www.padelreference.com\/blog\/#website\"},\"primaryImageOfPage\":{\"@id\":\"https:\/\/www.padelreference.com\/blog\/calendrier-wpt-provisoire-2022\/#primaryimage\"},\"image\":{\"@id\":\"https:\/\/www.padelreference.com\/blog\/calendrier-wpt-provisoire-2022\/#primaryimage\"},\"thumbnailUrl\":\"https:\/\/www.padelreference.com\/blog\/wp-content\/uploads\/2021\/12\/Calendrier-World-Padel-Tour-WPT-2022-provisoire.png\",\"datePublished\":\"2021-12-30T10:48:04+00:00\",\"dateModified\":\"2022-12-08T15:24:27+00:00\",\"author\":{\"@id\":\"https:\/\/www.padelreference.com\/blog\/#\/schema\/person\/d84774930853ed810e674aba522cd8d0\"},\"description\":\"Le\u00a0World Padel Tour (WPT) affirme que 2022 sera la comp\u00e9tition la plus \u00ab internationale \u00bb depuis son lancement en 2013.\",\"breadcrumb\":{\"@id\":\"https:\/\/www.padelreference.com\/blog\/calendrier-wpt-provisoire-2022\/#breadcrumb\"},\"inLanguage\":\"fr-FR\",\"potentialAction\":[{\"@type\":\"ReadAction\",\"target\":[\"https:\/\/www.padelreference.com\/blog\/calendrier-wpt-provisoire-2022\/\"]}]},{\"@type\":\"ImageObject\",\"inLanguage\":\"fr-FR\",\"@id\":\"https:\/\/www.padelreference.com\/blog\/calendrier-wpt-provisoire-2022\/#primaryimage\",\"url\":\"https:\/\/www.padelreference.com\/blog\/wp-content\/uploads\/2021\/12\/Calendrier-World-Padel-Tour-WPT-2022-provisoire.png\",\"contentUrl\":\"https:\/\/www.padelreference.com\/blog\/wp-content\/uploads\/2021\/12\/Calendrier-World-Padel-Tour-WPT-2022-provisoire.png\",\"width\":1280,\"height\":720,\"caption\":\"Calendrier World Padel Tour (WPT) 2022 provisoire\"},{\"@type\":\"BreadcrumbList\",\"@id\":\"https:\/\/www.padelreference.com\/blog\/calendrier-wpt-provisoire-2022\/#breadcrumb\",\"itemListElement\":[{\"@type\":\"ListItem\",\"position\":1,\"name\":\"Accueil\",\"item\":\"https:\/\/www.padelreference.com\/blog\/\"},{\"@type\":\"ListItem\",\"position\":2,\"name\":\"Calendrier World Padel Tour (WPT) 2022 provisoire\"}]},{\"@type\":\"WebSite\",\"@id\":\"https:\/\/www.padelreference.com\/blog\/#website\",\"url\":\"https:\/\/www.padelreference.com\/blog\/\",\"name\":\"Padel Reference\",\"description\":\"Le Blog 100%\",\"potentialAction\":[{\"@type\":\"SearchAction\",\"target\":{\"@type\":\"EntryPoint\",\"urlTemplate\":\"https:\/\/www.padelreference.com\/blog\/?s={search_term_string}\"},\"query-input\":\"required name=search_term_string\"}],\"inLanguage\":\"fr-FR\"},{\"@type\":\"Person\",\"@id\":\"https:\/\/www.padelreference.com\/blog\/#\/schema\/person\/d84774930853ed810e674aba522cd8d0\",\"name\":\"Admin Padel Reference\",\"image\":{\"@type\":\"ImageObject\",\"inLanguage\":\"fr-FR\",\"@id\":\"https:\/\/www.padelreference.com\/blog\/#\/schema\/person\/image\/\",\"url\":\"https:\/\/secure.gravatar.com\/avatar\/fbc11dfe99504ebf8abdb52c4e873060?s=96&d=monsterid&r=g\",\"contentUrl\":\"https:\/\/secure.gravatar.com\/avatar\/fbc11dfe99504ebf8abdb52c4e873060?s=96&d=monsterid&r=g\",\"caption\":\"Admin Padel Reference\"},\"url\":\"https:\/\/www.padelreference.com\/blog\/author\/admin-padel-reference\/\"}]}<\/script>\n<!-- \/ Yoast SEO plugin. -->","yoast_head_json":{"title":"World Padel Tour 2022 : Calendrier provisoire et infos","description":"Le\u00a0World Padel Tour (WPT) affirme que 2022 sera la comp\u00e9tition la plus \u00ab internationale \u00bb depuis son lancement en 2013.","robots":{"index":"index","follow":"follow","max-snippet":"max-snippet:-1","max-image-preview":"max-image-preview:large","max-video-preview":"max-video-preview:-1"},"canonical":"https:\/\/www.padelreference.com\/blog\/calendrier-wpt-provisoire-2022\/","og_locale":"fr_FR","og_type":"article","og_title":"World Padel Tour 2022 : Calendrier provisoire et infos","og_description":"Le\u00a0World Padel Tour (WPT) affirme que 2022 sera la comp\u00e9tition la plus \u00ab internationale \u00bb depuis son lancement en 2013.","og_url":"https:\/\/www.padelreference.com\/blog\/calendrier-wpt-provisoire-2022\/","og_site_name":"Padel Reference","article_published_time":"2021-12-30T10:48:04+00:00","article_modified_time":"2022-12-08T15:24:27+00:00","og_image":[{"width":1280,"height":720,"url":"https:\/\/www.padelreference.com\/blog\/wp-content\/uploads\/2021\/12\/Calendrier-World-Padel-Tour-WPT-2022-provisoire.png","type":"image\/png"}],"author":"Admin Padel Reference","twitter_card":"summary_large_image","twitter_misc":{"\u00c9crit par":"Admin Padel Reference","Dur\u00e9e de lecture estim\u00e9e":"2 minutes"},"schema":{"@context":"https:\/\/schema.org","@graph":[{"@type":"WebPage","@id":"https:\/\/www.padelreference.com\/blog\/calendrier-wpt-provisoire-2022\/","url":"https:\/\/www.padelreference.com\/blog\/calendrier-wpt-provisoire-2022\/","name":"World Padel Tour 2022 : Calendrier provisoire et infos","isPartOf":{"@id":"https:\/\/www.padelreference.com\/blog\/#website"},"primaryImageOfPage":{"@id":"https:\/\/www.padelreference.com\/blog\/calendrier-wpt-provisoire-2022\/#primaryimage"},"image":{"@id":"https:\/\/www.padelreference.com\/blog\/calendrier-wpt-provisoire-2022\/#primaryimage"},"thumbnailUrl":"https:\/\/www.padelreference.com\/blog\/wp-content\/uploads\/2021\/12\/Calendrier-World-Padel-Tour-WPT-2022-provisoire.png","datePublished":"2021-12-30T10:48:04+00:00","dateModified":"2022-12-08T15:24:27+00:00","author":{"@id":"https:\/\/www.padelreference.com\/blog\/#\/schema\/person\/d84774930853ed810e674aba522cd8d0"},"description":"Le\u00a0World Padel Tour (WPT) affirme que 2022 sera la comp\u00e9tition la plus \u00ab internationale \u00bb depuis son lancement en 2013.","breadcrumb":{"@id":"https:\/\/www.padelreference.com\/blog\/calendrier-wpt-provisoire-2022\/#breadcrumb"},"inLanguage":"fr-FR","potentialAction":[{"@type":"ReadAction","target":["https:\/\/www.padelreference.com\/blog\/calendrier-wpt-provisoire-2022\/"]}]},{"@type":"ImageObject","inLanguage":"fr-FR","@id":"https:\/\/www.padelreference.com\/blog\/calendrier-wpt-provisoire-2022\/#primaryimage","url":"https:\/\/www.padelreference.com\/blog\/wp-content\/uploads\/2021\/12\/Calendrier-World-Padel-Tour-WPT-2022-provisoire.png","contentUrl":"https:\/\/www.padelreference.com\/blog\/wp-content\/uploads\/2021\/12\/Calendrier-World-Padel-Tour-WPT-2022-provisoire.png","width":1280,"height":720,"caption":"Calendrier World Padel Tour (WPT) 2022 provisoire"},{"@type":"BreadcrumbList","@id":"https:\/\/www.padelreference.com\/blog\/calendrier-wpt-provisoire-2022\/#breadcrumb","itemListElement":[{"@type":"ListItem","position":1,"name":"Accueil","item":"https:\/\/www.padelreference.com\/blog\/"},{"@type":"ListItem","position":2,"name":"Calendrier World Padel Tour (WPT) 2022 provisoire"}]},{"@type":"WebSite","@id":"https:\/\/www.padelreference.com\/blog\/#website","url":"https:\/\/www.padelreference.com\/blog\/","name":"Padel Reference","description":"Le Blog 100%","potentialAction":[{"@type":"SearchAction","target":{"@type":"EntryPoint","urlTemplate":"https:\/\/www.padelreference.com\/blog\/?s={search_term_string}"},"query-input":"required name=search_term_string"}],"inLanguage":"fr-FR"},{"@type":"Person","@id":"https:\/\/www.padelreference.com\/blog\/#\/schema\/person\/d84774930853ed810e674aba522cd8d0","name":"Admin Padel Reference","image":{"@type":"ImageObject","inLanguage":"fr-FR","@id":"https:\/\/www.padelreference.com\/blog\/#\/schema\/person\/image\/","url":"https:\/\/secure.gravatar.com\/avatar\/fbc11dfe99504ebf8abdb52c4e873060?s=96&d=monsterid&r=g","contentUrl":"https:\/\/secure.gravatar.com\/avatar\/fbc11dfe99504ebf8abdb52c4e873060?s=96&d=monsterid&r=g","caption":"Admin Padel Reference"},"url":"https:\/\/www.padelreference.com\/blog\/author\/admin-padel-reference\/"}]}},"_links":{"self":[{"href":"https:\/\/www.padelreference.com\/blog\/wp-json\/wp\/v2\/posts\/652"}],"collection":[{"href":"https:\/\/www.padelreference.com\/blog\/wp-json\/wp\/v2\/posts"}],"about":[{"href":"https:\/\/www.padelreference.com\/blog\/wp-json\/wp\/v2\/types\/post"}],"author":[{"embeddable":true,"href":"https:\/\/www.padelreference.com\/blog\/wp-json\/wp\/v2\/users\/2"}],"replies":[{"embeddable":true,"href":"https:\/\/www.padelreference.com\/blog\/wp-json\/wp\/v2\/comments?post=652"}],"version-history":[{"count":0,"href":"https:\/\/www.padelreference.com\/blog\/wp-json\/wp\/v2\/posts\/652\/revisions"}],"wp:featuredmedia":[{"embeddable":true,"href":"https:\/\/www.padelreference.com\/blog\/wp-json\/wp\/v2\/media\/1538"}],"wp:attachment":[{"href":"https:\/\/www.padelreference.com\/blog\/wp-json\/wp\/v2\/media?parent=652"}],"wp:term":[{"taxonomy":"category","embeddable":true,"href":"https:\/\/www.padelreference.com\/blog\/wp-json\/wp\/v2\/categories?post=652"},{"taxonomy":"post_tag","embeddable":true,"href":"https:\/\/www.padelreference.com\/blog\/wp-json\/wp\/v2\/tags?post=652"}],"curies":[{"name":"wp","href":"https:\/\/api.w.org\/{rel}","templated":true}]}}